{"id":97474,"date":"2025-08-27T12:28:54","date_gmt":"2025-08-27T19:28:54","guid":{"rendered":"https:\/\/portaltactica.com\/?p=97474"},"modified":"2025-08-27T12:28:56","modified_gmt":"2025-08-27T19:28:56","slug":"checo-perez-presentado-en-mexico-como-parte-del-equipo-cadillac","status":"publish","type":"post","link":"https:\/\/portaltactica.com\/?p=97474","title":{"rendered":"Checo P\u00e9rez, presentado en M\u00e9xico como parte del equipo Cadillac"},"content":{"rendered":"\n<p>Lo prometido es deuda, y Checo <strong>cumpli\u00f3 la suya ante la afici\u00f3n mexicana<\/strong>. \u201cLes dije, les dije que nos volver\u00edamos a ver\u201d, fueron sus primeras palabras\u00a0<strong>tras presentarse oficialmente como nuevo piloto de Cadillac\u00a0F\u00f3rmula 1<\/strong>, ahora en tierras aztecas.<\/p>\n\n\n\n<h2 class=\"wp-block-heading\"><strong>As\u00ed fue la presentaci\u00f3n de &#8216;Checo&#8217; en Cadillac&nbsp;<\/strong><\/h2>\n\n\n\n<p>Apenas un d\u00eda despu\u00e9s de hacerse oficial su fichaje por la escuder\u00eda estadounidense,&nbsp;<strong>el tapat\u00edo no quiso esperar m\u00e1s<\/strong>&nbsp;para dar la noticia frente a sus compatriotas. La cita fue en&nbsp;<strong>Plaza Carso, Polanco<\/strong>, donde se llev\u00f3 a cabo la conferencia de prensa.<\/p>\n\n\n\n<p>El evento cont\u00f3 con la presencia de personalidades como el periodista&nbsp;<strong>Alberto Lati, el expiloto Memo Rojas, Carlos Slim Domit<\/strong>&nbsp;\u2014presidente de Grupo Carso y Am\u00e9rica M\u00f3vil\u2014 y&nbsp;<strong>Dan Towriss<\/strong>, director ejecutivo Cadillac, el nuevo equipo de&nbsp;<strong>F\u00f3rmula 1<\/strong>.<\/p>\n\n\n\n<p>Pero quienes se robaron la atenci\u00f3n fueron los cientos de aficionados que se dieron cita y que no dejaron de corear el nombre de Checo durante toda la presentaci\u00f3n. Un gesto que el&nbsp;<strong>piloto agradeci\u00f3 en repetidas ocasiones<\/strong>, volteando a saludarlos y reconociendo su papel fundamental en su trayectoria.<\/p>\n\n\n\n<p>\u201c<strong>Quiero agradecerles a todos por todo su cari\u00f1o<\/strong>. Les dije que nos volver\u00edamos a ver y aqu\u00ed estamos. Para m\u00ed, ustedes son una de las principales razones por las que regreso, por las que quiero cerrar muy bien mi carrera\u201d, expres\u00f3 emocionado.<\/p>\n\n\n\n<h2 class=\"wp-block-heading\"><strong>&#8216;Checo&#8217; confirma que es su \u00faltima etapa como piloto de F\u00f3rmula 1<\/strong><\/h2>\n\n\n\n<p><strong>Consciente de que su contrato es por dos a\u00f1os<\/strong>&nbsp;y que este podr\u00eda ser su \u00faltimo proyecto en la m\u00e1xima categor\u00eda, P\u00e9rez lanz\u00f3 un mensaje directo a su afici\u00f3n:<\/p>\n\n\n\n<p>\u201cEn esta etapa lo que les dir\u00eda es que disfrutemos mucho,&nbsp;<strong>porque se nos va a ir muy r\u00e1pido<\/strong>. Ahora s\u00ed es el \u00faltimo stint en esto y quiero que disfrutemos cada momento\u201d, concluy\u00f3.<\/p>\n<div class='share-to-whatsapp-wrapper'><div class='share-on-whsp'>Share on: <\/div><a data-text='Checo P\u00e9rez, presentado en M\u00e9xico como parte del equipo Cadillac' data-link='https:\/\/portaltactica.com\/?p=97474' class='whatsapp-button whatsapp-share'>WhatsApp<\/a><div class='clear '><\/div><\/div>","protected":false},"excerpt":{"rendered":"<p>Lo prometido es deuda, y Checo cumpli\u00f3 la suya ante la afici\u00f3n mexicana. \u201cLes dije, les dije que nos volver\u00edamos a&hellip;<\/p>\n","protected":false},"author":2,"featured_media":97475,"comment_status":"closed","ping_status":"closed","sticky":false,"template":"","format":"standard","meta":{"advanced_seo_description":"","jetpack_seo_html_title":"","jetpack_seo_noindex":false,"_jetpack_memberships_contains_paid_content":false,"footnotes":"","jetpack_publicize_message":"","jetpack_publicize_feature_enabled":true,"jetpack_social_post_already_shared":true,"jetpack_social_options":{"image_generator_settings":{"template":"highway","default_image_id":0,"font":"","enabled":false},"version":2}},"categories":[1896],"tags":[],"class_list":["post-97474","post","type-post","status-publish","format-standard","has-post-thumbnail","hentry","category-destacado-portada"],"jetpack_publicize_connections":[],"jetpack_featured_media_url":"https:\/\/portaltactica.com\/wp-content\/uploads\/2025\/08\/1.1.jpg","jetpack_sharing_enabled":true,"_links":{"self":[{"href":"https:\/\/portaltactica.com\/index.php?rest_route=\/wp\/v2\/posts\/97474","targetHints":{"allow":["GET"]}}],"collection":[{"href":"https:\/\/portaltactica.com\/index.php?rest_route=\/wp\/v2\/posts"}],"about":[{"href":"https:\/\/portaltactica.com\/index.php?rest_route=\/wp\/v2\/types\/post"}],"author":[{"embeddable":true,"href":"https:\/\/portaltactica.com\/index.php?rest_route=\/wp\/v2\/users\/2"}],"replies":[{"embeddable":true,"href":"https:\/\/portaltactica.com\/index.php?rest_route=%2Fwp%2Fv2%2Fcomments&post=97474"}],"version-history":[{"count":1,"href":"https:\/\/portaltactica.com\/index.php?rest_route=\/wp\/v2\/posts\/97474\/revisions"}],"predecessor-version":[{"id":97476,"href":"https:\/\/portaltactica.com\/index.php?rest_route=\/wp\/v2\/posts\/97474\/revisions\/97476"}],"wp:featuredmedia":[{"embeddable":true,"href":"https:\/\/portaltactica.com\/index.php?rest_route=\/wp\/v2\/media\/97475"}],"wp:attachment":[{"href":"https:\/\/portaltactica.com\/index.php?rest_route=%2Fwp%2Fv2%2Fmedia&parent=97474"}],"wp:term":[{"taxonomy":"category","embeddable":true,"href":"https:\/\/portaltactica.com\/index.php?rest_route=%2Fwp%2Fv2%2Fcategories&post=97474"},{"taxonomy":"post_tag","embeddable":true,"href":"https:\/\/portaltactica.com\/index.php?rest_route=%2Fwp%2Fv2%2Ftags&post=97474"}],"curies":[{"name":"wp","href":"https:\/\/api.w.org\/{rel}","templated":true}]}}