{"id":97405,"date":"2025-08-23T22:03:26","date_gmt":"2025-08-24T05:03:26","guid":{"rendered":"https:\/\/portaltactica.com\/?p=97405"},"modified":"2025-08-23T22:04:11","modified_gmt":"2025-08-24T05:04:11","slug":"realiza-imdem-clasificacion-estatal-rumbo-a-los-juegos-nacionales-populares-2025","status":"publish","type":"post","link":"https:\/\/portaltactica.com\/?p=97405","title":{"rendered":"Realiza Imdem clasificaci\u00f3n estatal rumbo a los Juegos Nacionales Populares 2025"},"content":{"rendered":"\n<p>Los j\u00f3venes mazatlecos compiten en el selectivo de artes marciales, realizado en el Gimnasio Infonavit Playas, para obtener su pase a la etapa regional.<br><br><br>Mazatl\u00e1n, Sinaloa a 23 de agosto de 2025.- Como parte del fortalecimiento y promoci\u00f3n del deporte, el Gobierno de Mazatl\u00e1n que encabeza la Presidenta, Estrella Palacios Dom\u00ednguez, respald\u00f3 la etapa municipal de los Juegos Nacionales Populares, en la disciplina de artes marciales. <br><br>Brindando a ni\u00f1as, ni\u00f1os y j\u00f3venes la oportunidad de desarrollarse en entornos competitivos y de proyecci\u00f3n nacional, el encuentro selectivo se realiz\u00f3 en el Gimnasio Infonavit Playas, donde los atletas midieron sus aptitudes en la modalidad de combate.<br><br>&#8220;Vinieron peleadores muy buenos, yo s\u00e9 que hay gran nivel en el puerto y las peleas que tuvimos se les vio muy buen avance a los muchachos, por lo que no me queda duda de que, ahora que vayamos al estatal, van a poner en alto el nombre de Mazatl\u00e1n. El a\u00f1o que viene esperamos que m\u00e1s j\u00f3venes participen y llevar una nutrida delegaci\u00f3n&#8221;, expres\u00f3 Ya\u00f1ez Luna.<br><br>Durante la jornada se dieron cita, Michael Margarito Ya\u00f1ez Luna, coordinador de los Juegos Nacionales Populares, sede Mazatl\u00e1n; Gerardo Chac\u00f3n, presidente del Comit\u00e9 Municipal de Kickboxing, as\u00ed como entrenadores de la Academia Suzaku, familiares y amigos de los j\u00f3venes, para impulsarlos a dar lo mejor de s\u00ed en cada pelea.<br><br>La siguiente fase clasificatoria, la estatal, se desarrollar\u00e1 en Culiac\u00e1n, a mediados de septiembre, donde los mejores peleadores de los diferentes municipios inscritos se medir\u00e1n en el cuadril\u00e1tero para alcanzar la etapa nacional de la disciplina. <br><br>CALIFICADOS A LA ETAPA ESTATAL<br><br>Santiago Beltr\u00e1n Cornelio <br>Giovanni Guevara Guerrero <br>\u00c1ngel Emir Garay L\u00f3pez <br>Luis Eduardo Beltr\u00e1n L\u00f3pez<\/p>\n<div class='share-to-whatsapp-wrapper'><div class='share-on-whsp'>Share on: <\/div><a data-text='Realiza Imdem clasificaci\u00f3n estatal rumbo a los Juegos Nacionales Populares 2025' data-link='https:\/\/portaltactica.com\/?p=97405' class='whatsapp-button whatsapp-share'>WhatsApp<\/a><div class='clear '><\/div><\/div>","protected":false},"excerpt":{"rendered":"<p>Los j\u00f3venes mazatlecos compiten en el selectivo de artes marciales, realizado en el Gimnasio Infonavit Playas, para obtener su pase a&hellip;<\/p>\n","protected":false},"author":1,"featured_media":97404,"comment_status":"closed","ping_status":"","sticky":false,"template":"","format":"standard","meta":{"advanced_seo_description":"","jetpack_seo_html_title":"","jetpack_seo_noindex":false,"_jetpack_memberships_contains_paid_content":false,"footnotes":"","jetpack_publicize_message":"","jetpack_publicize_feature_enabled":true,"jetpack_social_post_already_shared":true,"jetpack_social_options":{"image_generator_settings":{"template":"highway","default_image_id":0,"font":"","enabled":false},"version":2}},"categories":[1899],"tags":[37],"class_list":["post-97405","post","type-post","status-publish","format-standard","has-post-thumbnail","hentry","category-destacado-mazatlan","tag-imdem"],"jetpack_publicize_connections":[],"jetpack_featured_media_url":"https:\/\/portaltactica.com\/wp-content\/uploads\/2025\/08\/IMG-20250823-WA0102.jpg","jetpack_sharing_enabled":true,"_links":{"self":[{"href":"https:\/\/portaltactica.com\/index.php?rest_route=\/wp\/v2\/posts\/97405","targetHints":{"allow":["GET"]}}],"collection":[{"href":"https:\/\/portaltactica.com\/index.php?rest_route=\/wp\/v2\/posts"}],"about":[{"href":"https:\/\/portaltactica.com\/index.php?rest_route=\/wp\/v2\/types\/post"}],"author":[{"embeddable":true,"href":"https:\/\/portaltactica.com\/index.php?rest_route=\/wp\/v2\/users\/1"}],"replies":[{"embeddable":true,"href":"https:\/\/portaltactica.com\/index.php?rest_route=%2Fwp%2Fv2%2Fcomments&post=97405"}],"version-history":[{"count":1,"href":"https:\/\/portaltactica.com\/index.php?rest_route=\/wp\/v2\/posts\/97405\/revisions"}],"predecessor-version":[{"id":97406,"href":"https:\/\/portaltactica.com\/index.php?rest_route=\/wp\/v2\/posts\/97405\/revisions\/97406"}],"wp:featuredmedia":[{"embeddable":true,"href":"https:\/\/portaltactica.com\/index.php?rest_route=\/wp\/v2\/media\/97404"}],"wp:attachment":[{"href":"https:\/\/portaltactica.com\/index.php?rest_route=%2Fwp%2Fv2%2Fmedia&parent=97405"}],"wp:term":[{"taxonomy":"category","embeddable":true,"href":"https:\/\/portaltactica.com\/index.php?rest_route=%2Fwp%2Fv2%2Fcategories&post=97405"},{"taxonomy":"post_tag","embeddable":true,"href":"https:\/\/portaltactica.com\/index.php?rest_route=%2Fwp%2Fv2%2Ftags&post=97405"}],"curies":[{"name":"wp","href":"https:\/\/api.w.org\/{rel}","templated":true}]}}