{"id":97366,"date":"2025-08-22T15:02:57","date_gmt":"2025-08-22T22:02:57","guid":{"rendered":"https:\/\/portaltactica.com\/?p=97366"},"modified":"2025-08-22T15:03:00","modified_gmt":"2025-08-22T22:03:00","slug":"sorpresa-en-el-tri-javier-aguirre-lanza-su-inesperada-convocatoria","status":"publish","type":"post","link":"https:\/\/portaltactica.com\/?p=97366","title":{"rendered":"\u00a1Sorpresa en el Tri! Javier Aguirre lanza su inesperada convocatoria"},"content":{"rendered":"\n<p>Con miras a la\u00a0<strong>Fecha FIFA<\/strong>\u00a0de septiembre y como parte del proceso de preparaci\u00f3n rumbo a la\u00a0<strong>Copa del Mundo 2026<\/strong>, el seleccionador nacional Javier Aguirre dio a conocer una nueva convocatoria de 23 futbolistas que militan en la\u00a0<strong>Liga MX<\/strong>.<\/p>\n\n\n\n<p><strong>Javier \u2018Vasco\u2019 Aguirre<\/strong>, tendr\u00e1 una concentraci\u00f3n en el\u00a0<strong>Centro de Alto Rendimiento (CAR)<\/strong>\u00a0del 25 al 27 de agosto, donde buscara sacar su m\u00e1ximo potencial a los jugadores a su m\u00e1ximo nivel.<\/p>\n\n\n\n<p>Como era de esperar, la lista no cuenta con muchos de los jugadores principales de la alineaci\u00f3n de Aguirre, siendo los j\u00f3venes talento los protagonistas, sin embargo, si hay algunos viejos conocidos del Vasco.<\/p>\n\n\n\n<p>Una vez m\u00e1s, el entrenador de la selecci\u00f3n opt\u00f3 por empezar a trabajar con los j\u00f3venes de los equipos y as\u00ed prepararlos para lo que ser\u00e1 el proceso final para de cara al Mundial. Esta concentraci\u00f3n servir\u00e1 como una oportunidad clave para evaluar a jugadores del medio local antes de los compromisos amistosos ante&nbsp;<strong>Jap\u00f3n y Corea del Sur<\/strong>, que se disputar\u00e1n en septiembre.<\/p>\n\n\n\n<h2 class=\"wp-block-heading\"><strong>Lista de convocados:<\/strong><\/h2>\n\n\n\n<p>Porteros<br>* Sebasti\u00e1n Jurado (FC Ju\u00e1rez)<br>* Ra\u00fal Rangel (Chivas)<br>* Carlos Moreno (Pachuca)<br>Defensas<br>* Denzell Garc\u00eda (FC Ju\u00e1rez)<br>* Diego Barbosa (Toluca)<br>* Ram\u00f3n Ju\u00e1rez (Am\u00e9rica)<br>* V\u00edctor Guzm\u00e1n (Monterrey)<br>* Eduardo \u00c1guila (Atl\u00e9tico de San Luis)<br>* Alonso Aceves (Pachuca)<br>* Gerardo Arteaga (Monterrey)<br>* Bryan Gonz\u00e1lez (Chivas)<br>Mediocampistas<br>* Diego Campillo (Chivas)<br>* Fidel Ambriz (Monterrey)<br>* Luis Romo (Chivas)<br>* Erick S\u00e1nchez (Am\u00e9rica)<br>* Alexis Guti\u00e9rrez (Am\u00e9rica)<br>* Jes\u00fas Angulo (Toluca)<br>Delanteros<br>* Isa\u00edas Violante (Am\u00e9rica)<br>* Diego Lainez (Tigres)<br>* Jorge Ruvalcaba (Pumas)<br>* Ozziel Herrera (Tigres)<br>* Germ\u00e1n Berterame (Monterrey)<br>* Armando Gonz\u00e1lez (Chivas)<\/p>\n<div class='share-to-whatsapp-wrapper'><div class='share-on-whsp'>Share on: <\/div><a data-text='\u00a1Sorpresa en el Tri! Javier Aguirre lanza su inesperada convocatoria' data-link='https:\/\/portaltactica.com\/?p=97366' class='whatsapp-button whatsapp-share'>WhatsApp<\/a><div class='clear '><\/div><\/div>","protected":false},"excerpt":{"rendered":"<p>Con miras a la\u00a0Fecha FIFA\u00a0de septiembre y como parte del proceso de preparaci\u00f3n rumbo a la\u00a0Copa del Mundo 2026, el seleccionador&hellip;<\/p>\n","protected":false},"author":2,"featured_media":97367,"comment_status":"closed","ping_status":"closed","sticky":false,"template":"","format":"standard","meta":{"advanced_seo_description":"","jetpack_seo_html_title":"","jetpack_seo_noindex":false,"_jetpack_memberships_contains_paid_content":false,"footnotes":"","jetpack_publicize_message":"","jetpack_publicize_feature_enabled":true,"jetpack_social_post_already_shared":true,"jetpack_social_options":{"image_generator_settings":{"template":"highway","default_image_id":0,"font":"","enabled":false},"version":2}},"categories":[1896],"tags":[],"class_list":["post-97366","post","type-post","status-publish","format-standard","has-post-thumbnail","hentry","category-destacado-portada"],"jetpack_publicize_connections":[],"jetpack_featured_media_url":"https:\/\/portaltactica.com\/wp-content\/uploads\/2025\/08\/8-16.jpg","jetpack_sharing_enabled":true,"_links":{"self":[{"href":"https:\/\/portaltactica.com\/index.php?rest_route=\/wp\/v2\/posts\/97366","targetHints":{"allow":["GET"]}}],"collection":[{"href":"https:\/\/portaltactica.com\/index.php?rest_route=\/wp\/v2\/posts"}],"about":[{"href":"https:\/\/portaltactica.com\/index.php?rest_route=\/wp\/v2\/types\/post"}],"author":[{"embeddable":true,"href":"https:\/\/portaltactica.com\/index.php?rest_route=\/wp\/v2\/users\/2"}],"replies":[{"embeddable":true,"href":"https:\/\/portaltactica.com\/index.php?rest_route=%2Fwp%2Fv2%2Fcomments&post=97366"}],"version-history":[{"count":1,"href":"https:\/\/portaltactica.com\/index.php?rest_route=\/wp\/v2\/posts\/97366\/revisions"}],"predecessor-version":[{"id":97369,"href":"https:\/\/portaltactica.com\/index.php?rest_route=\/wp\/v2\/posts\/97366\/revisions\/97369"}],"wp:featuredmedia":[{"embeddable":true,"href":"https:\/\/portaltactica.com\/index.php?rest_route=\/wp\/v2\/media\/97367"}],"wp:attachment":[{"href":"https:\/\/portaltactica.com\/index.php?rest_route=%2Fwp%2Fv2%2Fmedia&parent=97366"}],"wp:term":[{"taxonomy":"category","embeddable":true,"href":"https:\/\/portaltactica.com\/index.php?rest_route=%2Fwp%2Fv2%2Fcategories&post=97366"},{"taxonomy":"post_tag","embeddable":true,"href":"https:\/\/portaltactica.com\/index.php?rest_route=%2Fwp%2Fv2%2Ftags&post=97366"}],"curies":[{"name":"wp","href":"https:\/\/api.w.org\/{rel}","templated":true}]}}