{"id":97363,"date":"2025-08-22T14:59:42","date_gmt":"2025-08-22T21:59:42","guid":{"rendered":"https:\/\/portaltactica.com\/?p=97363"},"modified":"2025-08-22T14:59:45","modified_gmt":"2025-08-22T21:59:45","slug":"esta-cerca-del-retiro-tecatito-corona-sorprende-con-declaraciones-sobre-su-futuro","status":"publish","type":"post","link":"https:\/\/portaltactica.com\/?p=97363","title":{"rendered":"\u00bfEst\u00e1 cerca del retiro? Tecatito Corona sorprende con declaraciones sobre su futuro"},"content":{"rendered":"\n<p><strong>Jes\u00fas Manuel &#8216;Tecatito&#8217; Corona<\/strong>\u00a0habl\u00f3 recientemente acerca de lo siguiente en su\u00a0<strong>carrera<\/strong>, argumentando que\u00a0<strong>no ve cercano un retiro<\/strong>; sin embargo, con\u00a0<strong>32 a\u00f1os<\/strong>, sabe que se tiene que mantener en una\u00a0<strong>buena forma f\u00edsica<\/strong>\u00a0para cumplir con los\u00a0<strong>objetivos<\/strong>\u00a0que tiene a corto, mediano y largo plazo.<\/p>\n\n\n\n<h2 class=\"wp-block-heading\"><strong>&#8216;Tecatito&#8217; para rato<\/strong><\/h2>\n\n\n\n<p>En entrevista exclusiva para\u00a0<strong>TUDN<\/strong>, Corona fue bastante claro con las\u00a0<strong>posibilidades de su retiro<\/strong>, las cuales a\u00fan las ve lejanas, o al menos es as\u00ed, antes de poder lograr algo con\u00a0<strong>Rayados<\/strong>.<\/p>\n\n\n\n<p>&#8220;<strong>No siento que sea el final<\/strong>, mucha gente me dec\u00eda, mucha gente lo sigue diciendo, &#8216;<strong>Tecatito&#8217; volvi\u00f3 porque ya es el fin<\/strong>, no, volv\u00ed por cosas m\u00edas y porque <strong>ten\u00eda ganas de volver a Monterrey<\/strong> porque es mi club y yo creo que me falta todav\u00eda bastante&#8221;, mencion\u00f3.<\/p>\n\n\n\n<p>Tambi\u00e9n fue<strong> directo y contundente<\/strong> con un mensaje dirigido a los aficionados de <strong>La Pandilla<\/strong>, pues no quiere marcharse del equipo antes de <strong>poder levantar un nuevo trofeo<\/strong> con el equipo de sus amores.<\/p>\n\n\n\n<p>&#8220;Obviamente <strong>tengo muchas ganas de seguir haciendo cosas<\/strong>, de seguir cumpliendo sue\u00f1os y seguir ganando campeonatos aqu\u00ed. <strong>Volver a ser campe\u00f3n con Rayados<\/strong>&#8220;, declar\u00f3 el canterano del cuadro regio.<\/p>\n\n\n\n<h2 class=\"wp-block-heading\"><strong>Sue\u00f1os de un nuevo Mundial<\/strong><\/h2>\n\n\n\n<p>Otra de las <strong>prioridades<\/strong> que tiene el &#8216;Tecatito&#8217;, <strong>tiene que ver con su f\u00edsico<\/strong>, ya que no quiere que le pase lo mismo que sucedi\u00f3 previo al <strong>Mundial de Qatar 2022<\/strong>; sufrir una lesi\u00f3n que lo deje fuera de una posible convocatoria.<\/p>\n\n\n\n<p>&#8220;<strong>Me he preparado despu\u00e9s de la que tuve<\/strong>, estuve recayendo, una lesi\u00f3n, otra que te dejaba 2 semanas, otra 3, pero me he estado preparando en lo <strong>alimenticio<\/strong>, en lo de descansar, <strong>reforzar mi gimnasio <\/strong>que antes no lo hac\u00eda, pero porque antes no me hab\u00eda lesionado como me lesion\u00e9<strong> antes del Mundial <\/strong>por ejemplo, me estoy empezando a acostumbrar otra vez a poder trabajar eso, reforzar&#8221;, finaliz\u00f3.<\/p>\n\n\n\n<p><\/p>\n<div class='share-to-whatsapp-wrapper'><div class='share-on-whsp'>Share on: <\/div><a data-text='\u00bfEst\u00e1 cerca del retiro? Tecatito Corona sorprende con declaraciones sobre su futuro' data-link='https:\/\/portaltactica.com\/?p=97363' class='whatsapp-button whatsapp-share'>WhatsApp<\/a><div class='clear '><\/div><\/div>","protected":false},"excerpt":{"rendered":"<p>Jes\u00fas Manuel &#8216;Tecatito&#8217; Corona\u00a0habl\u00f3 recientemente acerca de lo siguiente en su\u00a0carrera, argumentando que\u00a0no ve cercano un retiro; sin embargo, con\u00a032 a\u00f1os,&hellip;<\/p>\n","protected":false},"author":2,"featured_media":97364,"comment_status":"closed","ping_status":"closed","sticky":false,"template":"","format":"standard","meta":{"advanced_seo_description":"","jetpack_seo_html_title":"","jetpack_seo_noindex":false,"_jetpack_memberships_contains_paid_content":false,"footnotes":"","jetpack_publicize_message":"","jetpack_publicize_feature_enabled":true,"jetpack_social_post_already_shared":true,"jetpack_social_options":{"image_generator_settings":{"template":"highway","default_image_id":0,"font":"","enabled":false},"version":2}},"categories":[1897],"tags":[],"class_list":["post-97363","post","type-post","status-publish","format-standard","has-post-thumbnail","hentry","category-destacado-nacional"],"jetpack_publicize_connections":[],"jetpack_featured_media_url":"https:\/\/portaltactica.com\/wp-content\/uploads\/2025\/08\/7-12.jpg","jetpack_sharing_enabled":true,"_links":{"self":[{"href":"https:\/\/portaltactica.com\/index.php?rest_route=\/wp\/v2\/posts\/97363","targetHints":{"allow":["GET"]}}],"collection":[{"href":"https:\/\/portaltactica.com\/index.php?rest_route=\/wp\/v2\/posts"}],"about":[{"href":"https:\/\/portaltactica.com\/index.php?rest_route=\/wp\/v2\/types\/post"}],"author":[{"embeddable":true,"href":"https:\/\/portaltactica.com\/index.php?rest_route=\/wp\/v2\/users\/2"}],"replies":[{"embeddable":true,"href":"https:\/\/portaltactica.com\/index.php?rest_route=%2Fwp%2Fv2%2Fcomments&post=97363"}],"version-history":[{"count":1,"href":"https:\/\/portaltactica.com\/index.php?rest_route=\/wp\/v2\/posts\/97363\/revisions"}],"predecessor-version":[{"id":97365,"href":"https:\/\/portaltactica.com\/index.php?rest_route=\/wp\/v2\/posts\/97363\/revisions\/97365"}],"wp:featuredmedia":[{"embeddable":true,"href":"https:\/\/portaltactica.com\/index.php?rest_route=\/wp\/v2\/media\/97364"}],"wp:attachment":[{"href":"https:\/\/portaltactica.com\/index.php?rest_route=%2Fwp%2Fv2%2Fmedia&parent=97363"}],"wp:term":[{"taxonomy":"category","embeddable":true,"href":"https:\/\/portaltactica.com\/index.php?rest_route=%2Fwp%2Fv2%2Fcategories&post=97363"},{"taxonomy":"post_tag","embeddable":true,"href":"https:\/\/portaltactica.com\/index.php?rest_route=%2Fwp%2Fv2%2Ftags&post=97363"}],"curies":[{"name":"wp","href":"https:\/\/api.w.org\/{rel}","templated":true}]}}