{"id":97335,"date":"2025-08-21T16:26:53","date_gmt":"2025-08-21T23:26:53","guid":{"rendered":"https:\/\/portaltactica.com\/?p=97335"},"modified":"2025-08-21T16:26:55","modified_gmt":"2025-08-21T23:26:55","slug":"europa-quiere-a-caceres-america-recibe-propuesta-por-su-defensor","status":"publish","type":"post","link":"https:\/\/portaltactica.com\/?p=97335","title":{"rendered":"Europa quiere a C\u00e1ceres: Am\u00e9rica recibe propuesta por su defensor"},"content":{"rendered":"\n<p>Am\u00e9rica\u00a0recibi\u00f3 este jueves una oferta de un club europeo por el defensa\u00a0<strong>Sebasti\u00e1n C\u00e1ceres<\/strong>, quien despu\u00e9s de cinco a\u00f1os y medio con el club busca dar el salto al &#8216;Viejo Continente&#8217;.<\/p>\n\n\n\n<p>Tres fuentes independientes consultadas confirmaron que a las oficinas del\u00a0<strong>Nido<\/strong>\u00a0lleg\u00f3 finalmente una oferta formal por\u00a0<strong>C\u00e1ceres<\/strong>\u00a0este 21 de agosto, pero la misma es considerada \u201cmuy baja\u201d para el\u00a0<strong>Am\u00e9rica<\/strong>.<\/p>\n\n\n\n<p>Los informantes no quisieron revelar el club ni la liga europea de donde provino el ofrecimiento por&nbsp;<strong>C\u00e1ceres<\/strong>, pero confirmaron que es real y que en&nbsp;<strong>Coapa<\/strong>&nbsp;est\u00e1n dispuestos a abrirle las puertas al central uruguayo \u2014quien cumpli\u00f3 26 a\u00f1os el pasado lunes\u2014 en caso de que el monto econ\u00f3mico se incremente de manera considerable.<\/p>\n\n\n\n<p>Las fuentes tampoco revelaron ni la cantidad ofertada ni lo que espera recibir el club mexicano, pero de acuerdo con el portal especializado Transfermarkt, el zaguero charr\u00faa, seleccionado por su pa\u00eds, tiene un valor de 5 millones de euros en el mercado (unos 5.8 millones de d\u00f3lares al tipo de cambio actual).<\/p>\n\n\n\n<p>A comienzos de junio, en el inicio del mercado de pases de verano, fuentes del entorno de\u00a0<strong>Sebasti\u00e1n C\u00e1ceres<\/strong>\u00a0confirmaron que el jugador deseaba probar suerte en Europa y que hab\u00eda inter\u00e9s de equipos de la\u00a0<strong>Premier League<\/strong>\u00a0de Inglaterra y de\u00a0<strong>LaLiga<\/strong>\u00a0espa\u00f1ola; sin embargo, apenas hasta ahora ha llegado una oferta formal del &#8216;Viejo Continent&#8217;, la cual es insuficiente para que el\u00a0<strong>Am\u00e9rica<\/strong>\u00a0la acepte en este momento.<\/p>\n\n\n\n<p>El cierre de registros en las principales ligas de Europa ser\u00e1 el 31 de agosto, y en algunas el 1 de septiembre, por lo que el tiempo apremia para&nbsp;<strong>C\u00e1ceres<\/strong>&nbsp;en su posibilidad de emigrar en este mercado.<\/p>\n<div class='share-to-whatsapp-wrapper'><div class='share-on-whsp'>Share on: <\/div><a data-text='Europa quiere a C\u00e1ceres: Am\u00e9rica recibe propuesta por su defensor' data-link='https:\/\/portaltactica.com\/?p=97335' class='whatsapp-button whatsapp-share'>WhatsApp<\/a><div class='clear '><\/div><\/div>","protected":false},"excerpt":{"rendered":"<p>Am\u00e9rica\u00a0recibi\u00f3 este jueves una oferta de un club europeo por el defensa\u00a0Sebasti\u00e1n C\u00e1ceres, quien despu\u00e9s de cinco a\u00f1os y medio con&hellip;<\/p>\n","protected":false},"author":2,"featured_media":97336,"comment_status":"closed","ping_status":"closed","sticky":false,"template":"","format":"standard","meta":{"advanced_seo_description":"","jetpack_seo_html_title":"","jetpack_seo_noindex":false,"_jetpack_memberships_contains_paid_content":false,"footnotes":"","jetpack_publicize_message":"","jetpack_publicize_feature_enabled":true,"jetpack_social_post_already_shared":true,"jetpack_social_options":{"image_generator_settings":{"template":"highway","default_image_id":0,"font":"","enabled":false},"version":2}},"categories":[1897],"tags":[],"class_list":["post-97335","post","type-post","status-publish","format-standard","has-post-thumbnail","hentry","category-destacado-nacional"],"jetpack_publicize_connections":[],"jetpack_featured_media_url":"https:\/\/portaltactica.com\/wp-content\/uploads\/2025\/08\/10-3.jpg","jetpack_sharing_enabled":true,"_links":{"self":[{"href":"https:\/\/portaltactica.com\/index.php?rest_route=\/wp\/v2\/posts\/97335","targetHints":{"allow":["GET"]}}],"collection":[{"href":"https:\/\/portaltactica.com\/index.php?rest_route=\/wp\/v2\/posts"}],"about":[{"href":"https:\/\/portaltactica.com\/index.php?rest_route=\/wp\/v2\/types\/post"}],"author":[{"embeddable":true,"href":"https:\/\/portaltactica.com\/index.php?rest_route=\/wp\/v2\/users\/2"}],"replies":[{"embeddable":true,"href":"https:\/\/portaltactica.com\/index.php?rest_route=%2Fwp%2Fv2%2Fcomments&post=97335"}],"version-history":[{"count":1,"href":"https:\/\/portaltactica.com\/index.php?rest_route=\/wp\/v2\/posts\/97335\/revisions"}],"predecessor-version":[{"id":97337,"href":"https:\/\/portaltactica.com\/index.php?rest_route=\/wp\/v2\/posts\/97335\/revisions\/97337"}],"wp:featuredmedia":[{"embeddable":true,"href":"https:\/\/portaltactica.com\/index.php?rest_route=\/wp\/v2\/media\/97336"}],"wp:attachment":[{"href":"https:\/\/portaltactica.com\/index.php?rest_route=%2Fwp%2Fv2%2Fmedia&parent=97335"}],"wp:term":[{"taxonomy":"category","embeddable":true,"href":"https:\/\/portaltactica.com\/index.php?rest_route=%2Fwp%2Fv2%2Fcategories&post=97335"},{"taxonomy":"post_tag","embeddable":true,"href":"https:\/\/portaltactica.com\/index.php?rest_route=%2Fwp%2Fv2%2Ftags&post=97335"}],"curies":[{"name":"wp","href":"https:\/\/api.w.org\/{rel}","templated":true}]}}