{"id":97204,"date":"2025-08-19T08:50:29","date_gmt":"2025-08-19T15:50:29","guid":{"rendered":"https:\/\/portaltactica.com\/?p=97204"},"modified":"2025-08-19T08:50:32","modified_gmt":"2025-08-19T15:50:32","slug":"tras-su-deportacion-julio-cesar-n-ingresa-a-una-prision-de-alta-seguridad-en-mexico","status":"publish","type":"post","link":"https:\/\/portaltactica.com\/?p=97204","title":{"rendered":"Tras su deportaci\u00f3n, Julio C\u00e9sar &#8216;N&#8217; ingresa a una prisi\u00f3n de alta seguridad en M\u00e9xico"},"content":{"rendered":"\n<p>El boxeador mexicano\u00a0<strong>Julio C\u00e9sar \u2018N\u2019<\/strong> ya estar\u00eda preso en un penal de\u00a0<strong>m\u00e1xima seguridad de M\u00e9xico<\/strong>, luego de ser deportado desde Estados Unidos, donde fue detenido el pasado\u00a0<strong>2 de julio<\/strong> por los presuntos delitos de\u00a0<strong>delincuencia organizada, tr\u00e1fico de armas y explosivos<\/strong>, as\u00ed como por sus\u00a0<strong>supuestos v\u00ednculos con el C\u00e1rtel de Sinaloa<\/strong>.<\/p>\n\n\n\n<p>Fue el reportero de nota roja&nbsp;<strong>Carlos Jim\u00e9nez<\/strong> quien public\u00f3 en su cuenta de X que el hijo de la leyenda del boxeo mexicano,&nbsp;<strong>Julio C\u00e9sar Ch\u00e1vez<\/strong>, lleg\u00f3 a territorio mexicano la&nbsp;<strong>madrugada del martes 19 de agosto<\/strong>, siendo de inmediato recluido en una c\u00e1rcel de Hermosillo, Sonora.<\/p>\n\n\n\n<p>\u201cEl hijo de la leyenda @Jcchavez115 lleg\u00f3 de EEUU y fue encerrado esta madrugada en un penal federal de Sonora. Agentes de @FGRMexico lo ingresaron al CEFERESO 11, en Hermosillo\u201d, se lee en el mensaje del periodista.<\/p>\n\n\n\n<p>Esto fue confirmado por el Gobierno de M\u00e9xico mediante el&nbsp;<strong>Registro Nacional de Detenciones<\/strong>, que proporciona la&nbsp;<strong>Secretar\u00eda de Seguridad y Protecci\u00f3n Ciudadana<\/strong>, en donde se detalla que la detenci\u00f3n fue hecha por elementos de la&nbsp;<strong>Polic\u00eda Federal Ministerial<\/strong> a las&nbsp;<strong>11:53 AM del lunes 18 de agosto de 2025<\/strong>.<\/p>\n\n\n\n<h2 class=\"wp-block-heading\"><strong>\u00bfDe qu\u00e9 se le acusa a Julio C\u00e9sar &#8216;N&#8217;?<\/strong><\/h2>\n\n\n\n<p>Julio C\u00e9sar \u2018N\u2019 fue detenido en&nbsp;<strong>California, Estados Unidos<\/strong>, el pasado 2 de julio, apenas unos d\u00edas despu\u00e9s de haber sostenido una pelea contra&nbsp;<strong>Jake Paul<\/strong>.<\/p>\n\n\n\n<p>Fueron elementos del&nbsp;<strong>Servicio de Inmigraci\u00f3n y Control de Aduanas de Estados Unidos (ICE)<\/strong> quienes realizaron la detenci\u00f3n, atendiendo una orden de aprehensi\u00f3n girada por la&nbsp;<strong>Fiscal\u00eda General de la Rep\u00fablica (FGR)<\/strong>, vigente desde 2023.<\/p>\n<div class='share-to-whatsapp-wrapper'><div class='share-on-whsp'>Share on: <\/div><a data-text='Tras su deportaci\u00f3n, Julio C\u00e9sar 'N' ingresa a una prisi\u00f3n de alta seguridad en M\u00e9xico' data-link='https:\/\/portaltactica.com\/?p=97204' class='whatsapp-button whatsapp-share'>WhatsApp<\/a><div class='clear '><\/div><\/div>","protected":false},"excerpt":{"rendered":"<p>El boxeador mexicano\u00a0Julio C\u00e9sar \u2018N\u2019 ya estar\u00eda preso en un penal de\u00a0m\u00e1xima seguridad de M\u00e9xico, luego de ser deportado desde Estados&hellip;<\/p>\n","protected":false},"author":2,"featured_media":97205,"comment_status":"closed","ping_status":"closed","sticky":false,"template":"","format":"standard","meta":{"advanced_seo_description":"","jetpack_seo_html_title":"","jetpack_seo_noindex":false,"_jetpack_memberships_contains_paid_content":false,"footnotes":"","jetpack_publicize_message":"","jetpack_publicize_feature_enabled":true,"jetpack_social_post_already_shared":true,"jetpack_social_options":{"image_generator_settings":{"template":"highway","default_image_id":0,"font":"","enabled":false},"version":2}},"categories":[1897,1896],"tags":[],"class_list":["post-97204","post","type-post","status-publish","format-standard","has-post-thumbnail","hentry","category-destacado-nacional","category-destacado-portada"],"jetpack_publicize_connections":[],"jetpack_featured_media_url":"https:\/\/portaltactica.com\/wp-content\/uploads\/2025\/08\/2-8.jpg","jetpack_sharing_enabled":true,"_links":{"self":[{"href":"https:\/\/portaltactica.com\/index.php?rest_route=\/wp\/v2\/posts\/97204","targetHints":{"allow":["GET"]}}],"collection":[{"href":"https:\/\/portaltactica.com\/index.php?rest_route=\/wp\/v2\/posts"}],"about":[{"href":"https:\/\/portaltactica.com\/index.php?rest_route=\/wp\/v2\/types\/post"}],"author":[{"embeddable":true,"href":"https:\/\/portaltactica.com\/index.php?rest_route=\/wp\/v2\/users\/2"}],"replies":[{"embeddable":true,"href":"https:\/\/portaltactica.com\/index.php?rest_route=%2Fwp%2Fv2%2Fcomments&post=97204"}],"version-history":[{"count":1,"href":"https:\/\/portaltactica.com\/index.php?rest_route=\/wp\/v2\/posts\/97204\/revisions"}],"predecessor-version":[{"id":97206,"href":"https:\/\/portaltactica.com\/index.php?rest_route=\/wp\/v2\/posts\/97204\/revisions\/97206"}],"wp:featuredmedia":[{"embeddable":true,"href":"https:\/\/portaltactica.com\/index.php?rest_route=\/wp\/v2\/media\/97205"}],"wp:attachment":[{"href":"https:\/\/portaltactica.com\/index.php?rest_route=%2Fwp%2Fv2%2Fmedia&parent=97204"}],"wp:term":[{"taxonomy":"category","embeddable":true,"href":"https:\/\/portaltactica.com\/index.php?rest_route=%2Fwp%2Fv2%2Fcategories&post=97204"},{"taxonomy":"post_tag","embeddable":true,"href":"https:\/\/portaltactica.com\/index.php?rest_route=%2Fwp%2Fv2%2Ftags&post=97204"}],"curies":[{"name":"wp","href":"https:\/\/api.w.org\/{rel}","templated":true}]}}