{"id":97190,"date":"2025-08-18T16:33:41","date_gmt":"2025-08-18T23:33:41","guid":{"rendered":"https:\/\/portaltactica.com\/?p=97190"},"modified":"2025-08-18T16:33:46","modified_gmt":"2025-08-18T23:33:46","slug":"xabi-alonso-se-muestra-en-contra-de-la-propuesta-de-laliga-internacional","status":"publish","type":"post","link":"https:\/\/portaltactica.com\/?p=97190","title":{"rendered":"Xabi Alonso se muestra en contra de la propuesta de LaLiga internacional"},"content":{"rendered":"\n<p>El t\u00e9cnico del&nbsp;<strong>Real Madrid<\/strong>, Xabi Alonso, expres\u00f3 con firmeza su rechazo a la posibilidad de que el duelo entre&nbsp;<strong>Villarreal y Barcelona<\/strong>&nbsp;se dispute en Miami, como lo plantea LaLiga. El estratega blanco pidi\u00f3 que se respete el reglamento de la competici\u00f3n y advirti\u00f3 que no deben modificarse las reglas de manera unilateral.<\/p>\n\n\n\n<p>En conferencia de prensa, Alonso respald\u00f3 la postura institucional del club merengue, la cual ya se hab\u00eda hecho p\u00fablica d\u00edas atr\u00e1s.<\/p>\n\n\n\n<blockquote class=\"wp-block-quote is-layout-flow wp-block-quote-is-layout-flow\">\n<p>\u201cEstoy muy de acuerdo con el comunicado del club. Si se cambian las reglas debe ser por unanimidad de todos los participantes. Si no, no se puede. Ahora no cabe\u201d, se\u00f1al\u00f3 el entrenador.<\/p>\n<\/blockquote>\n\n\n\n<h3 class=\"wp-block-heading\">La misma l\u00ednea que el Real Madrid<\/h3>\n\n\n\n<p>La postura del t\u00e9cnico se alinea con la de la directiva del&nbsp;<strong>Real Madrid<\/strong>, que en un comunicado reciente mostr\u00f3 su desacuerdo ante la posibilidad de llevar partidos oficiales de la liga espa\u00f1ola al extranjero.<\/p>\n\n\n\n<p>La entidad merengue considera que la competici\u00f3n debe mantenerse dentro del territorio nacional y que cualquier modificaci\u00f3n en las bases debe ser aprobada de forma conjunta entre los clubes participantes.<\/p>\n\n\n\n<h3 class=\"wp-block-heading\">A\u00fan no es oficial<\/h3>\n\n\n\n<p>Si bien la&nbsp;<strong>RFEF<\/strong>&nbsp;ya otorg\u00f3 el visto bueno al plan de LaLiga, todav\u00eda falta la autorizaci\u00f3n de la&nbsp;<strong>UEFA<\/strong>&nbsp;para que el Villarreal\u2013Barcelona pueda disputarse en Estados Unidos. Hasta entonces, el posible traslado del encuentro contin\u00faa siendo una propuesta y no una decisi\u00f3n definitiva.<\/p>\n\n\n\n<p><\/p>\n<div class='share-to-whatsapp-wrapper'><div class='share-on-whsp'>Share on: <\/div><a data-text='Xabi Alonso se muestra en contra de la propuesta de LaLiga internacional' data-link='https:\/\/portaltactica.com\/?p=97190' class='whatsapp-button whatsapp-share'>WhatsApp<\/a><div class='clear '><\/div><\/div>","protected":false},"excerpt":{"rendered":"<p>El t\u00e9cnico del&nbsp;Real Madrid, Xabi Alonso, expres\u00f3 con firmeza su rechazo a la posibilidad de que el duelo entre&nbsp;Villarreal y Barcelona&nbsp;se&hellip;<\/p>\n","protected":false},"author":2,"featured_media":97194,"comment_status":"closed","ping_status":"closed","sticky":false,"template":"","format":"standard","meta":{"advanced_seo_description":"","jetpack_seo_html_title":"","jetpack_seo_noindex":false,"_jetpack_memberships_contains_paid_content":false,"footnotes":"","jetpack_publicize_message":"","jetpack_publicize_feature_enabled":true,"jetpack_social_post_already_shared":true,"jetpack_social_options":{"image_generator_settings":{"template":"highway","default_image_id":0,"font":"","enabled":false},"version":2}},"categories":[1898],"tags":[],"class_list":["post-97190","post","type-post","status-publish","format-standard","has-post-thumbnail","hentry","category-destacado-internacional"],"jetpack_publicize_connections":[],"jetpack_featured_media_url":"https:\/\/portaltactica.com\/wp-content\/uploads\/2025\/08\/8-12.jpg","jetpack_sharing_enabled":true,"_links":{"self":[{"href":"https:\/\/portaltactica.com\/index.php?rest_route=\/wp\/v2\/posts\/97190","targetHints":{"allow":["GET"]}}],"collection":[{"href":"https:\/\/portaltactica.com\/index.php?rest_route=\/wp\/v2\/posts"}],"about":[{"href":"https:\/\/portaltactica.com\/index.php?rest_route=\/wp\/v2\/types\/post"}],"author":[{"embeddable":true,"href":"https:\/\/portaltactica.com\/index.php?rest_route=\/wp\/v2\/users\/2"}],"replies":[{"embeddable":true,"href":"https:\/\/portaltactica.com\/index.php?rest_route=%2Fwp%2Fv2%2Fcomments&post=97190"}],"version-history":[{"count":1,"href":"https:\/\/portaltactica.com\/index.php?rest_route=\/wp\/v2\/posts\/97190\/revisions"}],"predecessor-version":[{"id":97195,"href":"https:\/\/portaltactica.com\/index.php?rest_route=\/wp\/v2\/posts\/97190\/revisions\/97195"}],"wp:featuredmedia":[{"embeddable":true,"href":"https:\/\/portaltactica.com\/index.php?rest_route=\/wp\/v2\/media\/97194"}],"wp:attachment":[{"href":"https:\/\/portaltactica.com\/index.php?rest_route=%2Fwp%2Fv2%2Fmedia&parent=97190"}],"wp:term":[{"taxonomy":"category","embeddable":true,"href":"https:\/\/portaltactica.com\/index.php?rest_route=%2Fwp%2Fv2%2Fcategories&post=97190"},{"taxonomy":"post_tag","embeddable":true,"href":"https:\/\/portaltactica.com\/index.php?rest_route=%2Fwp%2Fv2%2Ftags&post=97190"}],"curies":[{"name":"wp","href":"https:\/\/api.w.org\/{rel}","templated":true}]}}