{"id":97173,"date":"2025-08-18T12:22:10","date_gmt":"2025-08-18T19:22:10","guid":{"rendered":"https:\/\/portaltactica.com\/?p=97173"},"modified":"2025-08-18T12:22:57","modified_gmt":"2025-08-18T19:22:57","slug":"inicia-campamento-de-futbol-de-talla-internacional-en-mazatlan","status":"publish","type":"post","link":"https:\/\/portaltactica.com\/?p=97173","title":{"rendered":"Inicia campamento de futbol de talla internacional, en Mazatl\u00e1n"},"content":{"rendered":"\n<p>M\u00e1s de 120 ni\u00f1os y j\u00f3venes, bajo la supervisi\u00f3n y ense\u00f1anza de una cuarteta de entrenadores espa\u00f1oles, potenciar\u00e1n sus habilidades desde este lunes y hasta el pr\u00f3ximo viernes, con la oportunidad de viajar a Espa\u00f1a.<br><br><br>Mazatl\u00e1n, Sinaloa a 18 de agosto de 2025.- Los ni\u00f1os y j\u00f3venes del puerto tendr\u00e1n una inmejorable oportunidad para aprender y mostrar sus habilidades, del 18 al 22 de agosto, con la realizaci\u00f3n del Campamento Internacional de Futbol, que el Gobierno de Mazatl\u00e1n, encabezado por la Presidenta, Estrella Palacios Dom\u00ednguez, reconoci\u00f3 por el inter\u00e9s de fomentar el deporte con capacitaciones especializadas.<br><br>A la patada inaugural oficial asistieron, la directora del Instituto Municipal del Deporte Mazatl\u00e1n, Fabiola Judith Verde Rosas; Mar\u00eda Jos\u00e9 Salazar Reyes, directora comercial de Hersa Corporativo; Ang\u00e9lica Gonz\u00e1lez Ferreira, subdirectora de Colegio Remington, as\u00ed como Quetzi Mi\u00f1\u00f3n, coordinadora del campamento deportivo.<br><br>&#8220;Desde el Gobierno Municipal aplaudimos este tipo de acciones, que fomentan y promueven el deporte en nuestros ni\u00f1os y j\u00f3venes, que es parte del programa principal y de los ejes de trabajo de nuestra Presidenta Municipal, Estrella Palacios por eso nos sumamos y agradecemos a Hersa, a los entrenadores est\u00e1n aqu\u00ed y ayudar\u00e1n a nuestros ni\u00f1os a tener m\u00e1s capacidades en su disciplina, que es futbol&#8221;, expres\u00f3 Verde Rosas.<br><br>El campamento, en el que participan 127 futbolistas, estar\u00e1 a cargo de los entrenadores Francisco Lobato y Ra\u00fal Bola\u00f1os, as\u00ed como Jonathan Sesma, Antonio Guayre, ex jugadores de la Liga Espa\u00f1ola. La convocatoria fue abierta a todos los jugadores y escuelas, por lo que tambi\u00e9n acudi\u00f3 a la inauguraci\u00f3n \u00d3scar Ruiz, director de la Academia Tigres Mazatl\u00e1n.<\/p>\n<div class='share-to-whatsapp-wrapper'><div class='share-on-whsp'>Share on: <\/div><a data-text='Inicia campamento de futbol de talla internacional, en Mazatl\u00e1n' data-link='https:\/\/portaltactica.com\/?p=97173' class='whatsapp-button whatsapp-share'>WhatsApp<\/a><div class='clear '><\/div><\/div>","protected":false},"excerpt":{"rendered":"<p>M\u00e1s de 120 ni\u00f1os y j\u00f3venes, bajo la supervisi\u00f3n y ense\u00f1anza de una cuarteta de entrenadores espa\u00f1oles, potenciar\u00e1n sus habilidades desde&hellip;<\/p>\n","protected":false},"author":1,"featured_media":97172,"comment_status":"closed","ping_status":"","sticky":false,"template":"","format":"standard","meta":{"advanced_seo_description":"","jetpack_seo_html_title":"","jetpack_seo_noindex":false,"_jetpack_memberships_contains_paid_content":false,"footnotes":"","jetpack_publicize_message":"","jetpack_publicize_feature_enabled":true,"jetpack_social_post_already_shared":true,"jetpack_social_options":{"image_generator_settings":{"template":"highway","default_image_id":0,"font":"","enabled":false},"version":2}},"categories":[1899,1896],"tags":[37],"class_list":["post-97173","post","type-post","status-publish","format-standard","has-post-thumbnail","hentry","category-destacado-mazatlan","category-destacado-portada","tag-imdem"],"jetpack_publicize_connections":[],"jetpack_featured_media_url":"https:\/\/portaltactica.com\/wp-content\/uploads\/2025\/08\/IMG-20250818-WA0015.jpg","jetpack_sharing_enabled":true,"_links":{"self":[{"href":"https:\/\/portaltactica.com\/index.php?rest_route=\/wp\/v2\/posts\/97173","targetHints":{"allow":["GET"]}}],"collection":[{"href":"https:\/\/portaltactica.com\/index.php?rest_route=\/wp\/v2\/posts"}],"about":[{"href":"https:\/\/portaltactica.com\/index.php?rest_route=\/wp\/v2\/types\/post"}],"author":[{"embeddable":true,"href":"https:\/\/portaltactica.com\/index.php?rest_route=\/wp\/v2\/users\/1"}],"replies":[{"embeddable":true,"href":"https:\/\/portaltactica.com\/index.php?rest_route=%2Fwp%2Fv2%2Fcomments&post=97173"}],"version-history":[{"count":1,"href":"https:\/\/portaltactica.com\/index.php?rest_route=\/wp\/v2\/posts\/97173\/revisions"}],"predecessor-version":[{"id":97174,"href":"https:\/\/portaltactica.com\/index.php?rest_route=\/wp\/v2\/posts\/97173\/revisions\/97174"}],"wp:featuredmedia":[{"embeddable":true,"href":"https:\/\/portaltactica.com\/index.php?rest_route=\/wp\/v2\/media\/97172"}],"wp:attachment":[{"href":"https:\/\/portaltactica.com\/index.php?rest_route=%2Fwp%2Fv2%2Fmedia&parent=97173"}],"wp:term":[{"taxonomy":"category","embeddable":true,"href":"https:\/\/portaltactica.com\/index.php?rest_route=%2Fwp%2Fv2%2Fcategories&post=97173"},{"taxonomy":"post_tag","embeddable":true,"href":"https:\/\/portaltactica.com\/index.php?rest_route=%2Fwp%2Fv2%2Ftags&post=97173"}],"curies":[{"name":"wp","href":"https:\/\/api.w.org\/{rel}","templated":true}]}}