{"id":97090,"date":"2025-08-15T12:48:44","date_gmt":"2025-08-15T19:48:44","guid":{"rendered":"https:\/\/portaltactica.com\/?p=97090"},"modified":"2025-08-15T12:48:47","modified_gmt":"2025-08-15T19:48:47","slug":"jose-juan-macias-pumas-plantea-exigencias-especiales-para-su-acuerdo","status":"publish","type":"post","link":"https:\/\/portaltactica.com\/?p=97090","title":{"rendered":"Jos\u00e9 Juan Mac\u00edas: Pumas plantea exigencias especiales para su acuerdo"},"content":{"rendered":"\n<p>Recientemente, se han dado a conocer las\u00a0<strong>condiciones\u00a0<\/strong>que podr\u00eda tener el\u00a0<strong>contrato\u00a0<\/strong>de\u00a0<strong>Jos\u00e9 Juan Mac\u00edas<\/strong>, en caso de que se incorpore de manera definitiva a las filas del\u00a0<strong>Club Universidad Nacional<\/strong><\/p>\n\n\n\n<p>Las<strong>&nbsp;especulaciones<\/strong>&nbsp;en torno al (muy) probable&nbsp;<strong>fichaje<\/strong>&nbsp;de&nbsp;<strong>Jos\u00e9 Juan Mac\u00edas<\/strong>&nbsp;con el&nbsp;<strong>Club<\/strong>&nbsp;<strong>Universidad Nacional<\/strong>&nbsp;contin\u00faan apareciendo, dado lo<strong>&nbsp;controversial<\/strong>&nbsp;que ha resultado el caso. Y es que el arribo del delantero al&nbsp;<strong>Pedregal&nbsp;<\/strong>ha abierto el debate entre aficionados y expertos, a causa del historial de&nbsp;<strong>lesiones<\/strong>&nbsp;que acarrea consigo.<\/p>\n\n\n\n<p><strong>JJ Mac\u00edas<\/strong>\u00a0entren\u00f3 en\u00a0<strong>Cantera<\/strong>\u00a0en d\u00edas recientes e incluso pas\u00f3 los\u00a0<strong>ex\u00e1menes m\u00e9dicos<\/strong>\u00a0correspondientes para ser\u00a0<strong>candidato<\/strong>\u00a0a entrar en las arcas auriazules, y de acuerdo con informaci\u00f3n de\u00a0<strong>Ricardo Puig<\/strong>, reportero de\u00a0<em>ESPN<\/em>, el\u00a0<strong>contrato\u00a0<\/strong>que tiene preparado la directiva en caso de decantarse por el mexicano, tiene un par de\u00a0<strong>condiciones\u00a0<\/strong>que resultar\u00edan clave.\u00a0<\/p>\n\n\n\n<p>\u00bfCu\u00e1nto le costar\u00e1 a Pumas fichar a JJ Mac\u00edas?<\/p>\n\n\n\n<p>En primer lugar, se tratar\u00eda de un&nbsp;<strong>\u201ccontrato corto\u201d<\/strong>, con opci\u00f3n de una&nbsp;<strong>renovaci\u00f3n&nbsp;<\/strong>futura con base en los&nbsp;<strong>minutos<\/strong>&nbsp;que el jugador dispute, y tomando en cuenta si es que presenta<strong>&nbsp;reca\u00eddas de lesi\u00f3n.<\/strong>&nbsp;Adem\u00e1s,&nbsp;<strong>Mac\u00edas<\/strong>&nbsp;llega&nbsp;<strong>gratis<\/strong>&nbsp;tras haber estado en&nbsp;<strong>pruebas<\/strong>&nbsp;con el&nbsp;<strong>Real Valladolid<\/strong>.<\/p>\n\n\n\n<p>Tambi\u00e9n estar\u00eda dispuesto a cobrar un\u00a0<strong>sueldo bajo<\/strong>, debido a que sus\u00a0<strong>motivaciones\u00a0<\/strong>van m\u00e1s all\u00e1 de lo econ\u00f3mico. A sus\u00a0<strong>25 a\u00f1os\u00a0<\/strong>de edad, lo que el atacante desea es\u00a0<strong>volver a jugar<\/strong>: algo que no ha podido lograr de manera continua a causa de su fr\u00e1gil estado de salud en los \u00faltimos tres a\u00f1os.<\/p>\n\n\n\n<p>Efra\u00edn Ju\u00e1rez justifica la llegada de JJ Mac\u00edas a Pumas<\/p>\n\n\n\n<p>En entrevista con&nbsp;<em>TUDN<\/em>, el director t\u00e9cnico de los felinos,&nbsp;<strong>Efra\u00edn Ju\u00e1rez<\/strong>, revel\u00f3 la raz\u00f3n de la posible incorporaci\u00f3n de&nbsp;<strong>Jos\u00e9 Juan Mac\u00edas<\/strong>&nbsp;al grupo: \u201cEstamos hablando de un \u20189\u2019.<strong>&nbsp;Lo que menos hay en M\u00e9xico, son \u20189\u2019<\/strong>. Hay uno que se llama&nbsp;<strong>Ra\u00fal Jim\u00e9nez<\/strong>, el otro el&nbsp;<strong>Chaquito Gim\u00e9nez<\/strong>.&nbsp;<strong>Mac\u00edas es una opci\u00f3n<\/strong>&nbsp;en esas circunstancias en las que estamos, porque hoy tengo a&nbsp;<strong>Memo Mart\u00ednez<\/strong>, y el siguiente es uno de&nbsp;<strong>17 a\u00f1os<\/strong>&nbsp;(Misael Torres\u201d, explic\u00f3 el estratega.&nbsp;<\/p>\n\n\n\n<h2 class=\"wp-block-heading\">Pumas buscar\u00eda fichar a dos delanteros m\u00e1s<\/h2>\n\n\n\n<p>La incorporaci\u00f3n de\u00a0<strong>Jos\u00e9 Juan Mac\u00edas\u00a0<\/strong>no ser\u00eda la \u00fanica que la\u00a0<strong>directiva\u00a0<\/strong>de\u00a0<strong>Universidad Nacional\u00a0<\/strong>estar\u00eda preparando, sino que se espera que hagan\u00a0<strong>dos adquisiciones m\u00e1s<\/strong>: un\u00a0<strong>delantero extranjero<\/strong>\u00a0(a la espera de que se resuelva la situaci\u00f3n con\u00a0<strong>Piero Quispe<\/strong>), y un\u00a0<strong>extremo<\/strong>\u00a0que, debido a la situaci\u00f3n de los No Formados en M\u00e9xico (NFM) dentro del equipo, ser\u00eda mexicano.<\/p>\n\n\n\n<p><a href=\"https:\/\/www.estadiodeportes.mx\/autor\/valeriaayala\"><\/a><\/p>\n<div class='share-to-whatsapp-wrapper'><div class='share-on-whsp'>Share on: <\/div><a data-text='Jos\u00e9 Juan Mac\u00edas: Pumas plantea exigencias especiales para su acuerdo' data-link='https:\/\/portaltactica.com\/?p=97090' class='whatsapp-button whatsapp-share'>WhatsApp<\/a><div class='clear '><\/div><\/div>","protected":false},"excerpt":{"rendered":"<p>Recientemente, se han dado a conocer las\u00a0condiciones\u00a0que podr\u00eda tener el\u00a0contrato\u00a0de\u00a0Jos\u00e9 Juan Mac\u00edas, en caso de que se incorpore de manera definitiva&hellip;<\/p>\n","protected":false},"author":2,"featured_media":97091,"comment_status":"closed","ping_status":"closed","sticky":false,"template":"","format":"standard","meta":{"advanced_seo_description":"","jetpack_seo_html_title":"","jetpack_seo_noindex":false,"_jetpack_memberships_contains_paid_content":false,"footnotes":"","jetpack_publicize_message":"","jetpack_publicize_feature_enabled":true,"jetpack_social_post_already_shared":true,"jetpack_social_options":{"image_generator_settings":{"template":"highway","default_image_id":0,"font":"","enabled":false},"version":2}},"categories":[1897],"tags":[],"class_list":["post-97090","post","type-post","status-publish","format-standard","has-post-thumbnail","hentry","category-destacado-nacional"],"jetpack_publicize_connections":[],"jetpack_featured_media_url":"https:\/\/portaltactica.com\/wp-content\/uploads\/2025\/08\/5-6.png","jetpack_sharing_enabled":true,"_links":{"self":[{"href":"https:\/\/portaltactica.com\/index.php?rest_route=\/wp\/v2\/posts\/97090","targetHints":{"allow":["GET"]}}],"collection":[{"href":"https:\/\/portaltactica.com\/index.php?rest_route=\/wp\/v2\/posts"}],"about":[{"href":"https:\/\/portaltactica.com\/index.php?rest_route=\/wp\/v2\/types\/post"}],"author":[{"embeddable":true,"href":"https:\/\/portaltactica.com\/index.php?rest_route=\/wp\/v2\/users\/2"}],"replies":[{"embeddable":true,"href":"https:\/\/portaltactica.com\/index.php?rest_route=%2Fwp%2Fv2%2Fcomments&post=97090"}],"version-history":[{"count":1,"href":"https:\/\/portaltactica.com\/index.php?rest_route=\/wp\/v2\/posts\/97090\/revisions"}],"predecessor-version":[{"id":97092,"href":"https:\/\/portaltactica.com\/index.php?rest_route=\/wp\/v2\/posts\/97090\/revisions\/97092"}],"wp:featuredmedia":[{"embeddable":true,"href":"https:\/\/portaltactica.com\/index.php?rest_route=\/wp\/v2\/media\/97091"}],"wp:attachment":[{"href":"https:\/\/portaltactica.com\/index.php?rest_route=%2Fwp%2Fv2%2Fmedia&parent=97090"}],"wp:term":[{"taxonomy":"category","embeddable":true,"href":"https:\/\/portaltactica.com\/index.php?rest_route=%2Fwp%2Fv2%2Fcategories&post=97090"},{"taxonomy":"post_tag","embeddable":true,"href":"https:\/\/portaltactica.com\/index.php?rest_route=%2Fwp%2Fv2%2Ftags&post=97090"}],"curies":[{"name":"wp","href":"https:\/\/api.w.org\/{rel}","templated":true}]}}