{"id":97082,"date":"2025-08-15T10:21:52","date_gmt":"2025-08-15T17:21:52","guid":{"rendered":"https:\/\/portaltactica.com\/?p=97082"},"modified":"2025-08-15T10:21:54","modified_gmt":"2025-08-15T17:21:54","slug":"ultimos-dias-en-el-city-ederson-no-estara-en-el-estreno-de-la-temporada","status":"publish","type":"post","link":"https:\/\/portaltactica.com\/?p=97082","title":{"rendered":"\u00bf\u00daltimos d\u00edas en el City? Ederson no estar\u00e1 en el estreno de la temporada"},"content":{"rendered":"\n<p>Desde hace unos d\u00edas comenz\u00f3 el rumor de un posible cambio en la porter\u00eda del City, mismos que incrementaron con los rumores de que el\u00a0<strong>Galatasaray<\/strong>\u00a0estaba interesado en los servicios del guardameta brasile\u00f1o,\u00a0<strong>\u00c9derson<\/strong>.<\/p>\n\n\n\n<h2 class=\"wp-block-heading\">Cambios de \u00faltimo minuto<\/h2>\n\n\n\n<p>A solo unas horas del debut del\u00a0<strong>Manchester City<\/strong>\u00a0en la\u00a0<strong>Premier League<\/strong>\u00a0contra los Wolves, parece que el arco citadino podr\u00eda tener un giro de 180 grados, ya que todo parece indicar que su titular tendr\u00e1 puesta la mira en Turqu\u00eda.<\/p>\n\n\n\n<p>Ante la inc\u00f3gnita en la porter\u00eda de los Sky Blues,&nbsp;<strong>Pep Guardiola<\/strong>&nbsp;declar\u00f3 en rueda de prensa que \u00c9derson aun lo le ha comentado nada a \u00e9l sobre una posible salida o de alguna oferta, asegurando que la decisi\u00f3n de dejarlo fuera de la convocatoria es meramente t\u00e9cnica, adem\u00e1s de reafirmar que todos los jugadores que formen parte de su plantilla est\u00e1n disponibles y contar\u00e1 con ellos hasta que una oferta dictamine lo contrario.<\/p>\n\n\n\n<p>&#8220;Todos los jugadores est\u00e1n aqu\u00ed, son nuestros y trabajo con ellos&#8230; \u00a1Qu\u00e9 va a pasar, nadie lo sabe!&#8221;, dijo Guardiola.<\/p>\n\n\n\n<h2 class=\"wp-block-heading\">Nuevos guantes en Italia, Turqu\u00eda e Inglaterra<\/h2>\n\n\n\n<p>El panorama bajo los tres postes tuvo movimientos dr\u00e1sticos hace unos d\u00edas cuando&nbsp;<strong>Luis Enrique<\/strong>&nbsp;anunci\u00f3 que&nbsp;<strong>Donnarumma<\/strong>&nbsp;no seguir\u00eda en el&nbsp;<strong>PSG<\/strong>, por lo que los grandes clubes europeos levantaron la mano para hacerse de sus servicios, donde seg\u00fan diversas fuentes el City fue uno de ellos.<\/p>\n\n\n\n<p>Ahora con la supuesta propuesta del Galatasaray a \u00c9derson y su baja de la convocatoria de este fin de semana, todo podr\u00eda indicar que el destino del arquero italiano ser\u00eda Manchester, mientras que el brasile\u00f1o llegar\u00eda a defender al equipo turco.<\/p>\n<div class='share-to-whatsapp-wrapper'><div class='share-on-whsp'>Share on: <\/div><a data-text='\u00bf\u00daltimos d\u00edas en el City? Ederson no estar\u00e1 en el estreno de la temporada' data-link='https:\/\/portaltactica.com\/?p=97082' class='whatsapp-button whatsapp-share'>WhatsApp<\/a><div class='clear '><\/div><\/div>","protected":false},"excerpt":{"rendered":"<p>Desde hace unos d\u00edas comenz\u00f3 el rumor de un posible cambio en la porter\u00eda del City, mismos que incrementaron con los&hellip;<\/p>\n","protected":false},"author":2,"featured_media":97083,"comment_status":"closed","ping_status":"closed","sticky":false,"template":"","format":"standard","meta":{"advanced_seo_description":"","jetpack_seo_html_title":"","jetpack_seo_noindex":false,"_jetpack_memberships_contains_paid_content":false,"footnotes":"","jetpack_publicize_message":"","jetpack_publicize_feature_enabled":true,"jetpack_social_post_already_shared":true,"jetpack_social_options":{"image_generator_settings":{"template":"highway","default_image_id":0,"font":"","enabled":false},"version":2}},"categories":[1898],"tags":[],"class_list":["post-97082","post","type-post","status-publish","format-standard","has-post-thumbnail","hentry","category-destacado-internacional"],"jetpack_publicize_connections":[],"jetpack_featured_media_url":"https:\/\/portaltactica.com\/wp-content\/uploads\/2025\/08\/3-7.png","jetpack_sharing_enabled":true,"_links":{"self":[{"href":"https:\/\/portaltactica.com\/index.php?rest_route=\/wp\/v2\/posts\/97082","targetHints":{"allow":["GET"]}}],"collection":[{"href":"https:\/\/portaltactica.com\/index.php?rest_route=\/wp\/v2\/posts"}],"about":[{"href":"https:\/\/portaltactica.com\/index.php?rest_route=\/wp\/v2\/types\/post"}],"author":[{"embeddable":true,"href":"https:\/\/portaltactica.com\/index.php?rest_route=\/wp\/v2\/users\/2"}],"replies":[{"embeddable":true,"href":"https:\/\/portaltactica.com\/index.php?rest_route=%2Fwp%2Fv2%2Fcomments&post=97082"}],"version-history":[{"count":1,"href":"https:\/\/portaltactica.com\/index.php?rest_route=\/wp\/v2\/posts\/97082\/revisions"}],"predecessor-version":[{"id":97084,"href":"https:\/\/portaltactica.com\/index.php?rest_route=\/wp\/v2\/posts\/97082\/revisions\/97084"}],"wp:featuredmedia":[{"embeddable":true,"href":"https:\/\/portaltactica.com\/index.php?rest_route=\/wp\/v2\/media\/97083"}],"wp:attachment":[{"href":"https:\/\/portaltactica.com\/index.php?rest_route=%2Fwp%2Fv2%2Fmedia&parent=97082"}],"wp:term":[{"taxonomy":"category","embeddable":true,"href":"https:\/\/portaltactica.com\/index.php?rest_route=%2Fwp%2Fv2%2Fcategories&post=97082"},{"taxonomy":"post_tag","embeddable":true,"href":"https:\/\/portaltactica.com\/index.php?rest_route=%2Fwp%2Fv2%2Ftags&post=97082"}],"curies":[{"name":"wp","href":"https:\/\/api.w.org\/{rel}","templated":true}]}}