{"id":97075,"date":"2025-08-14T17:25:20","date_gmt":"2025-08-15T00:25:20","guid":{"rendered":"https:\/\/portaltactica.com\/?p=97075"},"modified":"2025-08-14T17:27:29","modified_gmt":"2025-08-15T00:27:29","slug":"invitan-a-la-caminata-benefica-por-el-dia-internacional-de-la-paralisis-cerebral","status":"publish","type":"post","link":"https:\/\/portaltactica.com\/?p=97075","title":{"rendered":"Invitan a la Caminata Ben\u00e9fica por el D\u00eda Internacional de la Par\u00e1lisis Cerebral"},"content":{"rendered":"\n<p>En su octava edici\u00f3n, la pedestre con causa de 2 y 5 kil\u00f3metros, se llevar\u00e1 a cabo el domingo 5 de octubre, iniciando en el Parque Lineal Kil\u00f3metro Cero.<br><br><br>Mazatl\u00e1n, Sinaloa a 14 de agosto de 2025.- Con el objetivo de reducir las desigualdades y promover la participaci\u00f3n plena de todos los ciudadanos, en coordinaci\u00f3n con el Gobierno de Mazatl\u00e1n que encabeza la Presidenta Municipal, Estrella Palacios Dom\u00ednguez, se llevar\u00e1 a cabo la Octava Caminata Ben\u00e9fica por el D\u00eda Internacional de la Par\u00e1lisis Cerebral, el domingo 5 de octubre.<br><br>Bajo el lema &#8220;Caminamos con el alma, llegamos con el coraz\u00f3n&#8221;, la pedestre de convivencia realizada por la Fundaci\u00f3n Letty Coppel, tendr\u00e1 como punto de reuni\u00f3n el Parque Lineal Kil\u00f3metro Cero, para llevar a cabo las distancias de 2 kil\u00f3metros (Inclusiva para todos los ni\u00f1os) y 5 kil\u00f3metros (abierta a todo el p\u00fablico).<br><br>&#8220;Reciban un saludo de nuestra Presidenta, la licenciada Estrella Palacios. El Imdem, bajo la direcci\u00f3n de Fabiola Judith Verde Rosas, se suma un a\u00f1o m\u00e1s a fundaciones como lo es Letty Coppel, con el objetivo principal de apoyar a trav\u00e9s del deporte a los ni\u00f1os con discapacidad, porque para nosotros es s\u00faper importante que tomemos al deporte como una herramienta para ayudar&#8221;, expres\u00f3 Jes\u00fas R\u00edos Ortega, coordinador de Eventos Deportivos del Imdem.<br><br>Bajo el lema \u00a1Deja que la imaginaci\u00f3n cruce la meta contigo!, Brianda Loc, encargada de Fundaci\u00f3n Letty Coppel zona Mazatl\u00e1n, invit\u00f3 a los mazatlecos a participar en la tradicional caminata recreativa, donde podr\u00e1n acudir disfrazados o convertir cada silla de ruedas en una obra de arte, ya que se premiar\u00e1 a los tres disfraces m\u00e1s creativos y las tres decoraciones m\u00e1s sorprendentes.<br><br>Kit del corredor <br><br>Las inscripciones tendr\u00e1n una donaci\u00f3n de 350 pesos y se podr\u00e1n realizar en el Centro de Asistencia Social Fundaci\u00f3n Letty Coppel Mazatl\u00e1n, as\u00ed como al tel\u00e9fono 6699 83 95 51. Los ni\u00f1os con discapacidad, indicaron los organizadores, no pagan el kit, solamente sus familiares participantes.<br><br>El kit de corredor incluye n\u00famero de participante, playera oficial y medalla conmemorativa.<\/p>\n<div class='share-to-whatsapp-wrapper'><div class='share-on-whsp'>Share on: <\/div><a data-text='Invitan a la Caminata Ben\u00e9fica por el D\u00eda Internacional de la Par\u00e1lisis Cerebral' data-link='https:\/\/portaltactica.com\/?p=97075' class='whatsapp-button whatsapp-share'>WhatsApp<\/a><div class='clear '><\/div><\/div>","protected":false},"excerpt":{"rendered":"<p>En su octava edici\u00f3n, la pedestre con causa de 2 y 5 kil\u00f3metros, se llevar\u00e1 a cabo el domingo 5 de&hellip;<\/p>\n","protected":false},"author":1,"featured_media":97074,"comment_status":"closed","ping_status":"","sticky":false,"template":"","format":"standard","meta":{"advanced_seo_description":"","jetpack_seo_html_title":"","jetpack_seo_noindex":false,"_jetpack_memberships_contains_paid_content":false,"footnotes":"","jetpack_publicize_message":"","jetpack_publicize_feature_enabled":true,"jetpack_social_post_already_shared":true,"jetpack_social_options":{"image_generator_settings":{"template":"highway","default_image_id":0,"font":"","enabled":false},"version":2}},"categories":[1899],"tags":[37],"class_list":["post-97075","post","type-post","status-publish","format-standard","has-post-thumbnail","hentry","category-destacado-mazatlan","tag-imdem"],"jetpack_publicize_connections":[],"jetpack_featured_media_url":"https:\/\/portaltactica.com\/wp-content\/uploads\/2025\/08\/FB_IMG_1755217400045.jpg","jetpack_sharing_enabled":true,"_links":{"self":[{"href":"https:\/\/portaltactica.com\/index.php?rest_route=\/wp\/v2\/posts\/97075","targetHints":{"allow":["GET"]}}],"collection":[{"href":"https:\/\/portaltactica.com\/index.php?rest_route=\/wp\/v2\/posts"}],"about":[{"href":"https:\/\/portaltactica.com\/index.php?rest_route=\/wp\/v2\/types\/post"}],"author":[{"embeddable":true,"href":"https:\/\/portaltactica.com\/index.php?rest_route=\/wp\/v2\/users\/1"}],"replies":[{"embeddable":true,"href":"https:\/\/portaltactica.com\/index.php?rest_route=%2Fwp%2Fv2%2Fcomments&post=97075"}],"version-history":[{"count":1,"href":"https:\/\/portaltactica.com\/index.php?rest_route=\/wp\/v2\/posts\/97075\/revisions"}],"predecessor-version":[{"id":97076,"href":"https:\/\/portaltactica.com\/index.php?rest_route=\/wp\/v2\/posts\/97075\/revisions\/97076"}],"wp:featuredmedia":[{"embeddable":true,"href":"https:\/\/portaltactica.com\/index.php?rest_route=\/wp\/v2\/media\/97074"}],"wp:attachment":[{"href":"https:\/\/portaltactica.com\/index.php?rest_route=%2Fwp%2Fv2%2Fmedia&parent=97075"}],"wp:term":[{"taxonomy":"category","embeddable":true,"href":"https:\/\/portaltactica.com\/index.php?rest_route=%2Fwp%2Fv2%2Fcategories&post=97075"},{"taxonomy":"post_tag","embeddable":true,"href":"https:\/\/portaltactica.com\/index.php?rest_route=%2Fwp%2Fv2%2Ftags&post=97075"}],"curies":[{"name":"wp","href":"https:\/\/api.w.org\/{rel}","templated":true}]}}