{"id":96724,"date":"2025-08-03T09:04:39","date_gmt":"2025-08-03T16:04:39","guid":{"rendered":"https:\/\/portaltactica.com\/?p=96724"},"modified":"2025-08-03T09:09:56","modified_gmt":"2025-08-03T16:09:56","slug":"participan-mas-de-300-corredores-en-la-edicion-39-de-la-carrera-dia-del-abogado","status":"publish","type":"post","link":"https:\/\/portaltactica.com\/?p=96724","title":{"rendered":"Participan m\u00e1s de 300 corredores en la edici\u00f3n 39 de la Carrera D\u00eda del Abogado"},"content":{"rendered":"\n<p>La tradicional pedestre se llev\u00f3 a cabo en Avenida Leonismo Internacional en una agradable tarde que incentiv\u00f3 la convivencia familiar.<br><br>Mazatl\u00e1n, Sinaloa a 2 de agosto de 2025.- Con un homenaje a la paratleta, Silvana Mar\u00eda Qui\u00f1\u00f3nez Ram\u00edrez, en coordinaci\u00f3n con el Gobierno de Mazatl\u00e1n que encabeza la Presidenta Municipal, Estrella Palacios Dom\u00ednguez, se llev\u00f3 a cabo la edici\u00f3n 39 de la Carrera D\u00eda del Abogado &#8220;Lic. Ernesto Kelly L\u00f3pez&#8221;, en Avenida Leonismo Internacional. <br><br>La tradicional pedestre que se corri\u00f3 en reconocimiento a la multimedallista de la Paralimpiada Nacional Conade, reuni\u00f3 a m\u00e1s de 300 personas en las categor\u00edas infantiles, Juvenil, Subm\u00e1ster, M\u00e1ster, Veteranos y Libre, Capacidades Especiales y Abogados, gracias a la log\u00edstica implementada por el Instituto Municipal del Deporte Mazatl\u00e1n, que dirige Fabiola Judith Verde Rosas y elementos de tr\u00e1nsito municipal.<br><br>&#8220;Disfruten de esta carrera tradicional del D\u00eda del Abogado que los invita el Colegio Genaro Estrada. Reciban un saludo de la Presidenta Municipal, la primer mujer presidentade este municipio, la licenciada, Estrella Palacios Dom\u00ednguez. Es un honor acompa\u00f1arlos y sabemos muy bien que disfrutar\u00e1n de esta fiesta deportiva&#8221;, dijo Mois\u00e9s R\u00edos P\u00e9rez, Secretario del Ayuntamiento de Mazatl\u00e1n, acompa\u00f1ado de Adriana Berenice Morales Acu\u00f1a, presidenta del Colegio de Abogados Genaro Estrada y organizadora del evento.<br><br>Bianca Labrador, Isabel Rivera y Jessica Garc\u00eda, en la rama femenil, as\u00ed como Javier Labrador, Yustin Rend\u00f3n y Fidel Hern\u00e1ndez, en la varonil, se consagraron como los m\u00e1s r\u00e1pidos de la tradicional carrera en la que cientos de &#8220;runners&#8221; participaron con gran entusiasmo, teniendo como marco el Parque Central y el estadio de beisbol Teodoro Mariscal. <br><br>La bolsa de m\u00e1s de 30 mil pesos en premios monetarios y est\u00edmulos a los participantes fue un aliciente en la ayuda a la promoci\u00f3n del deporte y la sana convivencia a la que se suma a los esfuerzos la iniciativa privada y ciudadan\u00eda. <br><br>Y como no pod\u00edan faltar en su fiesta, los licenciados en derecho fueron recibidos por familiares y amigos tras cruzar la l\u00ednea de meta, para m\u00e1s tarde ser reconocidos por su esfuerzo.<br><br>LOS MEJORES TIEMPOS<br>Categor\u00eda Sub M\u00e1ster (4km)<br>Femenil<br>Norma Labrador<br>Iris Eugenia <br>Janeth Miguel<br>Varonil<br>Jos\u00e9 Favela<br>Jonathan Valdez<br>Omar Mart\u00ednez <br><br>Categor\u00eda M\u00e1ster (4km)<br>Femenil <br>Vannesa Vargas<br>Alejandra Sarabia<br>Guadalupe Vargas<br>Varonil<br>Eduardo Garc\u00eda<br>Carlos S\u00e1nchez<br>Felipe Pineda<br><br>Categor\u00eda Veteranos (4km)<br>Femenil <br>Mar\u00eda Aguilar<br>Norma Quintero<br>Varonil <br>Francisco Javier Garc\u00eda<br>Mart\u00edn Policarpio<br>Baltazar<br><br>Categor\u00eda Libre (4km)<br>Femenil<br>Bianca Labrador<br>Isabel Rivera<br>Jessica Garc\u00eda<br>Varonil<br>Javier Labrador <br>Yustin Rend\u00f3n<br>Fidel Hern\u00e1ndez <br><br>Categor\u00eda Abogados (200-300 metros)<br>Femenil<br>Isabel Fuentes<br>Amara Gonz\u00e1lez <br>Adriana Acu\u00f1a<br>Varonil <br>V\u00edctor Cabanillas <br>Luis Vallejo<br>Baltazar Islas <br><br>Categor\u00eda Juvenil (2km)<br>Femenil<br>Ailed Reyes<br>Daniela Zazueta<br>Dana Cordero<br>Varonil <br>David Velarde<br>Alexis Pineda<br>Sebasti\u00e1n S\u00e1nchez <br><br>Categor\u00eda Capacidades Especiales (2km)<br>Varonil<br>Sabino Rivera<br>Noach Tirado<br>Gabriel Pati\u00f1o<br>Topacio Rodr\u00edguez <br><br>Categor\u00eda 11-12 A\u00f1os (400 metros)<br>Femenil<br>Mar\u00eda Ram\u00edrez <br>Amairani D\u00edaz<br>Sof\u00eda Nev\u00e1rez<br>Varonil <br>Efr\u00e9n Cuevas<br>Jos\u00e9 Jerem\u00edas<br>Marcos Azpeiet <br><br>Categor\u00eda 13-14 A\u00f1os (600 metros)<br>Femenil<br>Melanie Otero <br>Samanta Gonz\u00e1lez <br>Gretel Lira<br>Varonil <br>Emiliano Gonz\u00e1lez <br>Dariel Martel<br>Tadeo Torres<br><br>Categor\u00eda 9-10 A\u00f1os (200 metros)<br>Femenil<br>Helena Liz\u00e1rraga <br>Samantha S\u00e1nchez <br>Ana Loaiza<br>Varonil <br>Jacob Lambriz<br>Neymar Velarde<br>Carlos Navidad <br><br>Categor\u00eda 7-8 A\u00f1os (100 metros)<br>Femenil<br>Daniela Navidad <br>Romina Navarro<br>Aitana Lira<br>Varonil <br>Juan Manuel Hern\u00e1ndez <br>Iker Osuna<br>Santiago Reyes<\/p>\n<div class='share-to-whatsapp-wrapper'><div class='share-on-whsp'>Share on: <\/div><a data-text='Participan m\u00e1s de 300 corredores en la edici\u00f3n 39 de la Carrera D\u00eda del Abogado' data-link='https:\/\/portaltactica.com\/?p=96724' class='whatsapp-button whatsapp-share'>WhatsApp<\/a><div class='clear '><\/div><\/div>","protected":false},"excerpt":{"rendered":"<p>La tradicional pedestre se llev\u00f3 a cabo en Avenida Leonismo Internacional en una agradable tarde que incentiv\u00f3 la convivencia familiar. Mazatl\u00e1n,&hellip;<\/p>\n","protected":false},"author":1,"featured_media":96723,"comment_status":"closed","ping_status":"","sticky":false,"template":"","format":"standard","meta":{"advanced_seo_description":"","jetpack_seo_html_title":"","jetpack_seo_noindex":false,"_jetpack_memberships_contains_paid_content":false,"footnotes":"","jetpack_publicize_message":"","jetpack_publicize_feature_enabled":true,"jetpack_social_post_already_shared":true,"jetpack_social_options":{"image_generator_settings":{"template":"highway","default_image_id":0,"font":"","enabled":false},"version":2}},"categories":[1899],"tags":[37],"class_list":["post-96724","post","type-post","status-publish","format-standard","has-post-thumbnail","hentry","category-destacado-mazatlan","tag-imdem"],"jetpack_publicize_connections":[],"jetpack_featured_media_url":"https:\/\/portaltactica.com\/wp-content\/uploads\/2025\/08\/FB_IMG_1754237347318.jpg","jetpack_sharing_enabled":true,"_links":{"self":[{"href":"https:\/\/portaltactica.com\/index.php?rest_route=\/wp\/v2\/posts\/96724","targetHints":{"allow":["GET"]}}],"collection":[{"href":"https:\/\/portaltactica.com\/index.php?rest_route=\/wp\/v2\/posts"}],"about":[{"href":"https:\/\/portaltactica.com\/index.php?rest_route=\/wp\/v2\/types\/post"}],"author":[{"embeddable":true,"href":"https:\/\/portaltactica.com\/index.php?rest_route=\/wp\/v2\/users\/1"}],"replies":[{"embeddable":true,"href":"https:\/\/portaltactica.com\/index.php?rest_route=%2Fwp%2Fv2%2Fcomments&post=96724"}],"version-history":[{"count":1,"href":"https:\/\/portaltactica.com\/index.php?rest_route=\/wp\/v2\/posts\/96724\/revisions"}],"predecessor-version":[{"id":96725,"href":"https:\/\/portaltactica.com\/index.php?rest_route=\/wp\/v2\/posts\/96724\/revisions\/96725"}],"wp:featuredmedia":[{"embeddable":true,"href":"https:\/\/portaltactica.com\/index.php?rest_route=\/wp\/v2\/media\/96723"}],"wp:attachment":[{"href":"https:\/\/portaltactica.com\/index.php?rest_route=%2Fwp%2Fv2%2Fmedia&parent=96724"}],"wp:term":[{"taxonomy":"category","embeddable":true,"href":"https:\/\/portaltactica.com\/index.php?rest_route=%2Fwp%2Fv2%2Fcategories&post=96724"},{"taxonomy":"post_tag","embeddable":true,"href":"https:\/\/portaltactica.com\/index.php?rest_route=%2Fwp%2Fv2%2Ftags&post=96724"}],"curies":[{"name":"wp","href":"https:\/\/api.w.org\/{rel}","templated":true}]}}