{"id":96700,"date":"2025-08-02T09:23:34","date_gmt":"2025-08-02T16:23:34","guid":{"rendered":"https:\/\/portaltactica.com\/?p=96700"},"modified":"2025-08-02T09:23:36","modified_gmt":"2025-08-02T16:23:36","slug":"nelson-deossa-se-va-de-rayados-y-esta-listo-para-fichar-por-el-betis","status":"publish","type":"post","link":"https:\/\/portaltactica.com\/?p=96700","title":{"rendered":"Nelson Deossa se va de Rayados y est\u00e1 listo para fichar por el Betis"},"content":{"rendered":"\n<p>El colombiano Nelson Deossa\u00a0ya hace su viaje rumbo a Sevilla, Espa\u00f1a para poder jugar con el Real Betis en La Liga, pues la ma\u00f1ana desde este s\u00e1bado, el colombiano parti\u00f3 desde el aeropuerto internacional de Monterrey, con la despedida que le brindaron sus padres, en las que se pudo observar l\u00e1grimas en sus ojos.<\/p>\n\n\n\n<p>El mediocampista sudamericano, resalt\u00f3 la importancia de este sue\u00f1o europeo y<strong>&nbsp;comparti\u00f3 que le desea lo mejor a los Rayados de Monterrey.<\/strong><\/p>\n\n\n\n<p>\u201cGracias a Dios, ahi vamos. Contentos, contentos de ir a cumplir el sue\u00f1o y pues bueno,&nbsp;<strong>esperamos que todo salga de la mejor manera<\/strong>\u201d, coment\u00f3.<\/p>\n\n\n\n<p>\u201c(Rayados) en el coraz\u00f3n obviamente porque se portaron muy bien conmigo, yo me siento muy bien y a mi familia tambi\u00e9n. Entonces,&nbsp;<strong>agradecimiento total y obviamente puedes esperar que todo salga de la mejor manera all\u00e1 y en un futuro poder regresar<\/strong>\u201d, a\u00f1adi\u00f3.<\/p>\n\n\n\n<p>Por otra parte, le dedico algunas palabras al entrenador catal\u00e1n\u00a0Domenec Torrent, por apostar en \u00e9l, y haberlo dirigido en el mundial de clubes, donde fue la ventana m\u00e1s importante para esta salida al viejo continente.<\/p>\n\n\n\n<p>\u201cMucho agradecimiento al profe porque confi\u00f3 en m\u00ed tambi\u00e9n en estos partidos que dirigi\u00f3 en el Mundial de Clubes,&nbsp;<strong>apost\u00f3 por m\u00ed y que espero haberlo representado de la mejor manera<\/strong>&nbsp;dentro de la cancha y bueno, que desearle el mayor de los \u00e9xitos y bendiciones a todo el grupo\u201d.<\/p>\n\n\n\n<p><strong>Buenos deseos para Rayados<\/strong><\/p>\n\n\n\n<p>Al finalizar, se\u00f1al\u00f3 que\u00a0le desea lo mejor a la afici\u00f3n de Rayados\u00a0y que pronto espera que queden campeones dentro del f\u00fatbol mexicano.<\/p>\n\n\n\n<p>\u201cNo, pues obviamente espero haberlo representado de la mejor manera dentro de la cancha de juego. Siempre di lo mejor de m\u00ed, nunca me arruinaba, pero creo que si el cari\u00f1o de ellos hacia m\u00ed est\u00e1 es por eso,<strong>&nbsp;porque vieron reflejado un buen trabajo m\u00edo dentro del campo de juego y nada, agradecimiento total con ellos<\/strong>\u201d.<\/p>\n\n\n\n<p>\u201cQue queden campeones, les deseo siempre el mayor de los \u00e9xitos y bendiciones a todos, a la directiva, a los compa\u00f1eros,&nbsp;<strong>al club, a la hinchada, siempre lo mejor para ellos<\/strong>\u201d.<\/p>\n\n\n\n<p><strong>Nelson Deossa llegar\u00e1 la ma\u00f1ana de este domingo a Sevilla<\/strong>, en donde ya se har\u00e1 el anuncio oficial sobre su llegada al equipo ib\u00e9rico.<\/p>\n<div class='share-to-whatsapp-wrapper'><div class='share-on-whsp'>Share on: <\/div><a data-text='Nelson Deossa se va de Rayados y est\u00e1 listo para fichar por el Betis' data-link='https:\/\/portaltactica.com\/?p=96700' class='whatsapp-button whatsapp-share'>WhatsApp<\/a><div class='clear '><\/div><\/div>","protected":false},"excerpt":{"rendered":"<p>El colombiano Nelson Deossa\u00a0ya hace su viaje rumbo a Sevilla, Espa\u00f1a para poder jugar con el Real Betis en La Liga,&hellip;<\/p>\n","protected":false},"author":2,"featured_media":96702,"comment_status":"closed","ping_status":"closed","sticky":false,"template":"","format":"standard","meta":{"advanced_seo_description":"","jetpack_seo_html_title":"","jetpack_seo_noindex":false,"_jetpack_memberships_contains_paid_content":false,"footnotes":"","jetpack_publicize_message":"","jetpack_publicize_feature_enabled":true,"jetpack_social_post_already_shared":true,"jetpack_social_options":{"image_generator_settings":{"template":"highway","default_image_id":0,"font":"","enabled":false},"version":2}},"categories":[1897],"tags":[],"class_list":["post-96700","post","type-post","status-publish","format-standard","has-post-thumbnail","hentry","category-destacado-nacional"],"jetpack_publicize_connections":[],"jetpack_featured_media_url":"https:\/\/portaltactica.com\/wp-content\/uploads\/2025\/08\/3-1.png","jetpack_sharing_enabled":true,"_links":{"self":[{"href":"https:\/\/portaltactica.com\/index.php?rest_route=\/wp\/v2\/posts\/96700","targetHints":{"allow":["GET"]}}],"collection":[{"href":"https:\/\/portaltactica.com\/index.php?rest_route=\/wp\/v2\/posts"}],"about":[{"href":"https:\/\/portaltactica.com\/index.php?rest_route=\/wp\/v2\/types\/post"}],"author":[{"embeddable":true,"href":"https:\/\/portaltactica.com\/index.php?rest_route=\/wp\/v2\/users\/2"}],"replies":[{"embeddable":true,"href":"https:\/\/portaltactica.com\/index.php?rest_route=%2Fwp%2Fv2%2Fcomments&post=96700"}],"version-history":[{"count":1,"href":"https:\/\/portaltactica.com\/index.php?rest_route=\/wp\/v2\/posts\/96700\/revisions"}],"predecessor-version":[{"id":96703,"href":"https:\/\/portaltactica.com\/index.php?rest_route=\/wp\/v2\/posts\/96700\/revisions\/96703"}],"wp:featuredmedia":[{"embeddable":true,"href":"https:\/\/portaltactica.com\/index.php?rest_route=\/wp\/v2\/media\/96702"}],"wp:attachment":[{"href":"https:\/\/portaltactica.com\/index.php?rest_route=%2Fwp%2Fv2%2Fmedia&parent=96700"}],"wp:term":[{"taxonomy":"category","embeddable":true,"href":"https:\/\/portaltactica.com\/index.php?rest_route=%2Fwp%2Fv2%2Fcategories&post=96700"},{"taxonomy":"post_tag","embeddable":true,"href":"https:\/\/portaltactica.com\/index.php?rest_route=%2Fwp%2Fv2%2Ftags&post=96700"}],"curies":[{"name":"wp","href":"https:\/\/api.w.org\/{rel}","templated":true}]}}