{"id":96690,"date":"2025-08-01T16:46:24","date_gmt":"2025-08-01T23:46:24","guid":{"rendered":"https:\/\/portaltactica.com\/?p=96690"},"modified":"2025-08-01T16:47:24","modified_gmt":"2025-08-01T23:47:24","slug":"de-cara-a-la-paralimpiada-nacional-se-clasifican-atletas-mazatlecos","status":"publish","type":"post","link":"https:\/\/portaltactica.com\/?p=96690","title":{"rendered":"De cara a la Paralimpiada Nacional, se clasifican atletas mazatlecos"},"content":{"rendered":"\n<p>Ser\u00e1n 18 los deportistas con discapacidad que buscar\u00e1n cumplir con el requisito para representar con orgullo al puerto, en las disciplinas de paratletismo y boccia.<br><br><br>Mazatl\u00e1n, Sinaloa a 1 de agosto de 2025.- Las instalaciones del Instituto Municipal del Deporte Mazatl\u00e1n recibieron el proceso de clasificaci\u00f3n funcional de la Federaci\u00f3n Mexicana de Par\u00e1lisis Cerebral, convocado para los atletas de Sinaloa que participar\u00e1n en la Paralimpiada Nacional Conade 2025, incluidos los porte\u00f1os, quienes competir\u00e1n con el apoyo del Gobierno de Mazatl\u00e1n, encabezado por la Presidenta Municipal, Estrella Palacios Dom\u00ednguez.<br><br>A cargo del clasificador certificado, V\u00edctor Romero, este viernes y s\u00e1bado, se recibir\u00e1n a 28 deportistas de Sinaloa, provenientes de los municipios de Ahome, Angostura, Culiac\u00e1n, Escuinapa, Guasave, Mazatl\u00e1n, Ahome, as\u00ed como Salvador Alvarado, adem\u00e1s de dos m\u00e1s del vecino estado de Nayarit.<br><br>&#8220;La clasificaci\u00f3n es muy importante porque los que no cuentan con ella no podr\u00e1n participar en las justas nacionales, ya que la convocatoria&nbsp; oficial, en su anexo t\u00e9cnico, la marca como un requisito indispensable y los procesos son muy rigurosos&#8221;, explic\u00f3 Juan Antonio Castellanos Velarde, encargado del Deporte Adaptado del Imdem, que dirige Fabiola Judith Verde Rosas.<br><br>Por Mazatl\u00e1n, ser\u00e1n 16 deportistas de la disciplina de paratletismo y dos m\u00e1s de boccia, quienes incursionar\u00e1n por primera vez en la etapa estatal de la Paralimpiada Nacional organizada por la Comisi\u00f3n Nacional de Cultura F\u00edsica y Deporte (Conade), que tendr\u00e1 lugar en la capital sinaloense, del 28 al 31 de agosto.<br><br>Este viernes 1 de agosto la clasificaci\u00f3n se realizar\u00e1 en un horario de 13:00 a 19:00 horas, mientras que el s\u00e1bado 2 de agosto ser\u00e1 de 8:30 a 16:00 horas.<\/p>\n<div class='share-to-whatsapp-wrapper'><div class='share-on-whsp'>Share on: <\/div><a data-text='De cara a la Paralimpiada Nacional, se clasifican atletas mazatlecos' data-link='https:\/\/portaltactica.com\/?p=96690' class='whatsapp-button whatsapp-share'>WhatsApp<\/a><div class='clear '><\/div><\/div>","protected":false},"excerpt":{"rendered":"<p>Ser\u00e1n 18 los deportistas con discapacidad que buscar\u00e1n cumplir con el requisito para representar con orgullo al puerto, en las disciplinas&hellip;<\/p>\n","protected":false},"author":1,"featured_media":96689,"comment_status":"closed","ping_status":"","sticky":false,"template":"","format":"standard","meta":{"advanced_seo_description":"","jetpack_seo_html_title":"","jetpack_seo_noindex":false,"_jetpack_memberships_contains_paid_content":false,"footnotes":"","jetpack_publicize_message":"","jetpack_publicize_feature_enabled":true,"jetpack_social_post_already_shared":true,"jetpack_social_options":{"image_generator_settings":{"template":"highway","default_image_id":0,"font":"","enabled":false},"version":2}},"categories":[1899],"tags":[37],"class_list":["post-96690","post","type-post","status-publish","format-standard","has-post-thumbnail","hentry","category-destacado-mazatlan","tag-imdem"],"jetpack_publicize_connections":[],"jetpack_featured_media_url":"https:\/\/portaltactica.com\/wp-content\/uploads\/2025\/08\/IMG-20250801-WA0057.jpg","jetpack_sharing_enabled":true,"_links":{"self":[{"href":"https:\/\/portaltactica.com\/index.php?rest_route=\/wp\/v2\/posts\/96690","targetHints":{"allow":["GET"]}}],"collection":[{"href":"https:\/\/portaltactica.com\/index.php?rest_route=\/wp\/v2\/posts"}],"about":[{"href":"https:\/\/portaltactica.com\/index.php?rest_route=\/wp\/v2\/types\/post"}],"author":[{"embeddable":true,"href":"https:\/\/portaltactica.com\/index.php?rest_route=\/wp\/v2\/users\/1"}],"replies":[{"embeddable":true,"href":"https:\/\/portaltactica.com\/index.php?rest_route=%2Fwp%2Fv2%2Fcomments&post=96690"}],"version-history":[{"count":1,"href":"https:\/\/portaltactica.com\/index.php?rest_route=\/wp\/v2\/posts\/96690\/revisions"}],"predecessor-version":[{"id":96691,"href":"https:\/\/portaltactica.com\/index.php?rest_route=\/wp\/v2\/posts\/96690\/revisions\/96691"}],"wp:featuredmedia":[{"embeddable":true,"href":"https:\/\/portaltactica.com\/index.php?rest_route=\/wp\/v2\/media\/96689"}],"wp:attachment":[{"href":"https:\/\/portaltactica.com\/index.php?rest_route=%2Fwp%2Fv2%2Fmedia&parent=96690"}],"wp:term":[{"taxonomy":"category","embeddable":true,"href":"https:\/\/portaltactica.com\/index.php?rest_route=%2Fwp%2Fv2%2Fcategories&post=96690"},{"taxonomy":"post_tag","embeddable":true,"href":"https:\/\/portaltactica.com\/index.php?rest_route=%2Fwp%2Fv2%2Ftags&post=96690"}],"curies":[{"name":"wp","href":"https:\/\/api.w.org\/{rel}","templated":true}]}}