{"id":96648,"date":"2025-08-01T07:35:57","date_gmt":"2025-08-01T14:35:57","guid":{"rendered":"https:\/\/portaltactica.com\/?p=96648"},"modified":"2025-08-01T07:35:59","modified_gmt":"2025-08-01T14:35:59","slug":"alonso-se-pierde-la-fp1-y-su-participacion-en-el-gp-de-hungria-esta-en-duda","status":"publish","type":"post","link":"https:\/\/portaltactica.com\/?p=96648","title":{"rendered":"Alonso se pierde la FP1 y su participaci\u00f3n en el GP de Hungr\u00eda est\u00e1 en duda"},"content":{"rendered":"\n<p>Fernando Alonso, que cumpli\u00f3 44 a\u00f1os esta semana, no participar\u00e1 en la primera sesi\u00f3n de entrenamientos libres del fin de semana en el Gran Premio de Hungr\u00eda de F\u00f3rmula 1 de 2025 debido a una lesi\u00f3n muscular.\u00a0<\/p>\n\n\n\n<p>As\u00ed lo ha anunciado\u00a0Aston\u00a0Martin este viernes por la ma\u00f1ana, horas antes del inicio de la primera sesi\u00f3n de entrenamientos libres del Gran Premio de Hungr\u00eda. El bicampe\u00f3n del mundo espa\u00f1ol ser\u00e1 sustituido por uno de los pilotos reserva de la escuder\u00eda de Silverstone, el brasile\u00f1o Felipe Drugovich.<\/p>\n\n\n\n<p>Sobre todo, el comunicado de prensa de la escuder\u00eda brit\u00e1nica sugiere que la participaci\u00f3n de Alonso en la segunda pr\u00e1ctica libre del viernes, as\u00ed como en el resto del Gran Premio, no est\u00e1 garantizada, ya que habr\u00e1 que esperar hasta despu\u00e9s del entrenamiento inicial para tomar una decisi\u00f3n al respecto.<\/p>\n\n\n\n<p>Este es el comunicado de prensa completo: &#8220;Fernando Alonso sufre una lesi\u00f3n muscular en la espalda desde el Gran Premio de B\u00e9lgica. Mientras contin\u00faa su tratamiento esta ma\u00f1ana, ha decidido no tomar parte en la sesi\u00f3n FP1. Felipe Drugovich lo sustituir\u00e1 junto a\u00a0Lance Stroll\u00a0en la sesi\u00f3n FP1. La decisi\u00f3n sobre la participaci\u00f3n de Fernando en FP1 y el resto del fin de semana se tomar\u00e1 a su debido tiempo&#8221;.<\/p>\n\n\n\n<p>Una hora y media despu\u00e9s del comunicado oficial, Mike Krack, director en pista de Aston Martin, confirm\u00f3 que el objetivo es que Alonso vuelva al coche para la segunda sesi\u00f3n de entrenamientos, programada para las 15:00 hora local.<\/p>\n\n\n\n<p>&#8220;Fernando desarroll\u00f3 un peque\u00f1o problema muscular despu\u00e9s de Spa. Con la intensidad de nuestro calendario, nunca hay suficiente tiempo para recuperarse. Ni siquiera para dormir a veces, no hay suficiente tiempo porque hay que viajar, y creo que ese es uno de los problemas&#8221;.<\/p>\n\n\n\n<p>&#8220;As\u00ed que decidimos simplemente aumentar el tiempo de recuperaci\u00f3n y no participar en la FP1, que normalmente es la sesi\u00f3n menos importante, y el plan es que Fernando vuelva al auto a partir de la FP2.&#8221;<\/p>\n\n\n\n<p>Cuando se le pregunt\u00f3 si unas pocas horas m\u00e1s de recuperaci\u00f3n marcar\u00edan realmente una gran diferencia, Krack a\u00f1adi\u00f3: &#8220;No creo que se trate de las horas, probablemente tenga m\u00e1s que ver con una menor cantidad de vueltas que con el tiempo en s\u00ed&#8221;.<\/p>\n\n\n\n<p>&#8220;S\u00ed, pero obviamente hicimos algunas modificaciones en su posici\u00f3n de manejo. Ayer revisamos algunas cosas para que est\u00e9 m\u00e1s c\u00f3modo. Estamos bastante confiados en que estar\u00e1 bien&#8221;, aclar\u00f3 cuando le preguntaron si la duraci\u00f3n del Gran Premio ser\u00eda un problema.<\/p>\n\n\n\n<p>El circuito de Hungaroring es donde Alonso logr\u00f3 su primera victoria en la F\u00f3rmula 1 en 2003 cuando conduc\u00eda para Renault. El \u00faltimo fin de semana en Spa-Francorchamps el espa\u00f1ol vio que se terminara una seguidilla de cuatro grandes premios terminando en los puntos en el marcado de una ronda complicada para Aston Martin, ya que Alonso y Stroll clasificaron en la \u00faltima fila para la carrera del pasado domingo.<\/p>\n\n\n\n<p>&#8220;Creo que fue el dise\u00f1o del circuito. Quiero pensar que fue eso&#8221;, dijo Alonso el jueves en Hungr\u00eda ante los medios sobre el GP de B\u00e9lgica. &#8220;Como dijiste, estuvimos un poco faltos de competitividad en Spa. El coche no era realmente diferente al de las carreras anteriores. As\u00ed que, desde la FP1, no tuvimos ritmo. Y, s\u00ed, como largamos \u00faltimos y cambiamos el motor, etc., apostamos a una carrera completamente en lluvia. Y no pas\u00f3, as\u00ed que tambi\u00e9n hubo un poco de mala suerte ah\u00ed. Pero creo que el dise\u00f1o del trazado fue lo principal&#8221;.<\/p>\n\n\n\n<p><\/p>\n\n\n\n<p style=\"font-size:10px\"><em>Fuente: Motorsport.<\/em><\/p>\n<div class='share-to-whatsapp-wrapper'><div class='share-on-whsp'>Share on: <\/div><a data-text='Alonso se pierde la FP1 y su participaci\u00f3n en el GP de Hungr\u00eda est\u00e1 en duda' data-link='https:\/\/portaltactica.com\/?p=96648' class='whatsapp-button whatsapp-share'>WhatsApp<\/a><div class='clear '><\/div><\/div>","protected":false},"excerpt":{"rendered":"<p>Fernando Alonso, que cumpli\u00f3 44 a\u00f1os esta semana, no participar\u00e1 en la primera sesi\u00f3n de entrenamientos libres del fin de semana&hellip;<\/p>\n","protected":false},"author":2,"featured_media":96649,"comment_status":"closed","ping_status":"closed","sticky":false,"template":"","format":"standard","meta":{"advanced_seo_description":"","jetpack_seo_html_title":"","jetpack_seo_noindex":false,"_jetpack_memberships_contains_paid_content":false,"footnotes":"","jetpack_publicize_message":"","jetpack_publicize_feature_enabled":true,"jetpack_social_post_already_shared":true,"jetpack_social_options":{"image_generator_settings":{"template":"highway","default_image_id":0,"font":"","enabled":false},"version":2}},"categories":[1896],"tags":[],"class_list":["post-96648","post","type-post","status-publish","format-standard","has-post-thumbnail","hentry","category-destacado-portada"],"jetpack_publicize_connections":[],"jetpack_featured_media_url":"https:\/\/portaltactica.com\/wp-content\/uploads\/2025\/08\/2.png","jetpack_sharing_enabled":true,"_links":{"self":[{"href":"https:\/\/portaltactica.com\/index.php?rest_route=\/wp\/v2\/posts\/96648","targetHints":{"allow":["GET"]}}],"collection":[{"href":"https:\/\/portaltactica.com\/index.php?rest_route=\/wp\/v2\/posts"}],"about":[{"href":"https:\/\/portaltactica.com\/index.php?rest_route=\/wp\/v2\/types\/post"}],"author":[{"embeddable":true,"href":"https:\/\/portaltactica.com\/index.php?rest_route=\/wp\/v2\/users\/2"}],"replies":[{"embeddable":true,"href":"https:\/\/portaltactica.com\/index.php?rest_route=%2Fwp%2Fv2%2Fcomments&post=96648"}],"version-history":[{"count":1,"href":"https:\/\/portaltactica.com\/index.php?rest_route=\/wp\/v2\/posts\/96648\/revisions"}],"predecessor-version":[{"id":96650,"href":"https:\/\/portaltactica.com\/index.php?rest_route=\/wp\/v2\/posts\/96648\/revisions\/96650"}],"wp:featuredmedia":[{"embeddable":true,"href":"https:\/\/portaltactica.com\/index.php?rest_route=\/wp\/v2\/media\/96649"}],"wp:attachment":[{"href":"https:\/\/portaltactica.com\/index.php?rest_route=%2Fwp%2Fv2%2Fmedia&parent=96648"}],"wp:term":[{"taxonomy":"category","embeddable":true,"href":"https:\/\/portaltactica.com\/index.php?rest_route=%2Fwp%2Fv2%2Fcategories&post=96648"},{"taxonomy":"post_tag","embeddable":true,"href":"https:\/\/portaltactica.com\/index.php?rest_route=%2Fwp%2Fv2%2Ftags&post=96648"}],"curies":[{"name":"wp","href":"https:\/\/api.w.org\/{rel}","templated":true}]}}