{"id":96589,"date":"2025-07-30T09:17:38","date_gmt":"2025-07-30T16:17:38","guid":{"rendered":"https:\/\/portaltactica.com\/?p=96589"},"modified":"2025-07-30T09:17:40","modified_gmt":"2025-07-30T16:17:40","slug":"feyenoord-organizara-una-despedida-para-santi-gimenez-en-su-proximo-partido","status":"publish","type":"post","link":"https:\/\/portaltactica.com\/?p=96589","title":{"rendered":"Feyenoord organizar\u00e1 una despedida para Santi Gim\u00e9nez en su pr\u00f3ximo partido"},"content":{"rendered":"\n<p>El\u00a0<strong>Feyenoord<\/strong>\u00a0le guarda un gran cari\u00f1o al delantero mexicano\u00a0<strong>Santiago Gimenez<\/strong>, quien abandon\u00f3 al club de la\u00a0<strong>Eredivisie<\/strong>, despu\u00e9s de acumular varios \u00e9xitos individuales como grupales para unirse al\u00a0<strong>AC Milan.<\/strong><\/p>\n\n\n\n<p><strong>Gimenez<\/strong>&nbsp;se uni\u00f3 al equipo de Pa\u00edses Bajos en el 2022 y form\u00f3 parte de la plantilla que conquist\u00f3 el t\u00edtulo de la&nbsp;<strong>Eredivisie&nbsp;<\/strong>en el 2023 y dos a\u00f1os despu\u00e9s el club le har\u00e1 una despedida especial en uno de sus encuentros de preparaci\u00f3n rumbo a la siguiente campa\u00f1a.<\/p>\n\n\n\n<p>Ser\u00e1 en el enfrentamiento ante el\u00a0<strong>Wolfsburgo<\/strong>, de la\u00a0<strong>Bundesliga<\/strong>, cuando el mexicano reciba el cari\u00f1o de la afici\u00f3n en el\u00a0<strong>De Kuip<\/strong>, casa del equipo de Roterdam.<\/p>\n\n\n\n<p>Se espera que el atacante del&nbsp;<strong>AC Milan&nbsp;<\/strong>de un recorrido por toda la cancha, para recibir el cari\u00f1o de la afici\u00f3n, que lo arrop\u00f3 en su primera experiencia en el Viejo Continente.<\/p>\n\n\n\n<p><strong>Feyenoord\u00a0<\/strong>se prepara para su debut en la Eredivisie que ser\u00e1 el 9 de agosto frente al\u00a0<strong>NAC Breda,<\/strong>\u00a0mientras que ser\u00e1 hasta el 23 de agosto cuando el\u00a0<strong>AC Milan<\/strong>, del &#8216;Chaquito&#8217; dispute su primer partido de la\u00a0<strong>Serie A<\/strong>\u00a0ante el\u00a0<strong>Cremonese.<\/strong><\/p>\n\n\n\n<p><\/p>\n<div class='share-to-whatsapp-wrapper'><div class='share-on-whsp'>Share on: <\/div><a data-text='Feyenoord organizar\u00e1 una despedida para Santi Gim\u00e9nez en su pr\u00f3ximo partido' data-link='https:\/\/portaltactica.com\/?p=96589' class='whatsapp-button whatsapp-share'>WhatsApp<\/a><div class='clear '><\/div><\/div>","protected":false},"excerpt":{"rendered":"<p>El\u00a0Feyenoord\u00a0le guarda un gran cari\u00f1o al delantero mexicano\u00a0Santiago Gimenez, quien abandon\u00f3 al club de la\u00a0Eredivisie, despu\u00e9s de acumular varios \u00e9xitos individuales&hellip;<\/p>\n","protected":false},"author":2,"featured_media":96590,"comment_status":"closed","ping_status":"closed","sticky":false,"template":"","format":"standard","meta":{"advanced_seo_description":"","jetpack_seo_html_title":"","jetpack_seo_noindex":false,"_jetpack_memberships_contains_paid_content":false,"footnotes":"","jetpack_publicize_message":"","jetpack_publicize_feature_enabled":true,"jetpack_social_post_already_shared":true,"jetpack_social_options":{"image_generator_settings":{"template":"highway","default_image_id":0,"font":"","enabled":false},"version":2}},"categories":[1896],"tags":[],"class_list":["post-96589","post","type-post","status-publish","format-standard","has-post-thumbnail","hentry","category-destacado-portada"],"jetpack_publicize_connections":[],"jetpack_featured_media_url":"https:\/\/portaltactica.com\/wp-content\/uploads\/2025\/07\/2-19.jpg","jetpack_sharing_enabled":true,"_links":{"self":[{"href":"https:\/\/portaltactica.com\/index.php?rest_route=\/wp\/v2\/posts\/96589","targetHints":{"allow":["GET"]}}],"collection":[{"href":"https:\/\/portaltactica.com\/index.php?rest_route=\/wp\/v2\/posts"}],"about":[{"href":"https:\/\/portaltactica.com\/index.php?rest_route=\/wp\/v2\/types\/post"}],"author":[{"embeddable":true,"href":"https:\/\/portaltactica.com\/index.php?rest_route=\/wp\/v2\/users\/2"}],"replies":[{"embeddable":true,"href":"https:\/\/portaltactica.com\/index.php?rest_route=%2Fwp%2Fv2%2Fcomments&post=96589"}],"version-history":[{"count":1,"href":"https:\/\/portaltactica.com\/index.php?rest_route=\/wp\/v2\/posts\/96589\/revisions"}],"predecessor-version":[{"id":96591,"href":"https:\/\/portaltactica.com\/index.php?rest_route=\/wp\/v2\/posts\/96589\/revisions\/96591"}],"wp:featuredmedia":[{"embeddable":true,"href":"https:\/\/portaltactica.com\/index.php?rest_route=\/wp\/v2\/media\/96590"}],"wp:attachment":[{"href":"https:\/\/portaltactica.com\/index.php?rest_route=%2Fwp%2Fv2%2Fmedia&parent=96589"}],"wp:term":[{"taxonomy":"category","embeddable":true,"href":"https:\/\/portaltactica.com\/index.php?rest_route=%2Fwp%2Fv2%2Fcategories&post=96589"},{"taxonomy":"post_tag","embeddable":true,"href":"https:\/\/portaltactica.com\/index.php?rest_route=%2Fwp%2Fv2%2Ftags&post=96589"}],"curies":[{"name":"wp","href":"https:\/\/api.w.org\/{rel}","templated":true}]}}