{"id":96527,"date":"2025-07-28T08:14:05","date_gmt":"2025-07-28T15:14:05","guid":{"rendered":"https:\/\/portaltactica.com\/?p=96527"},"modified":"2025-07-28T08:14:08","modified_gmt":"2025-07-28T15:14:08","slug":"pep-guardiola-confirma-pausa-en-su-carrera-tras-salir-del-manchester-city-necesito-parar","status":"publish","type":"post","link":"https:\/\/portaltactica.com\/?p=96527","title":{"rendered":"Pep Guardiola confirma pausa en su carrera tras salir del Manchester City: &#8220;Necesito parar&#8221;"},"content":{"rendered":"\n<p>Luego de vivir la peor temporada en su carrera como entrenador y previo a empezar su noveno a\u00f1o en el banquillo de los\u00a0<strong>\u2018Sky Blue\u2019\u00a0Pep Guardiola<\/strong>\u00a0tiene claro una caso, una vez que deje de ser entrenador del\u00a0<strong>Manchester City<\/strong>\u00a0va a poner una pausa indefinida a su carrera.<\/p>\n\n\n\n<p>En declaraciones para la revista&nbsp;<strong>GQ Hype, Guardiola<\/strong>&nbsp;asegur\u00f3 que una vez termine su ciclo en el&nbsp;<strong>Manchester City<\/strong>&nbsp;va a dejar un lado el futbol de manera indefinida y se enfocar\u00e1 en su vida personal, algo que hoy ve como una prioridad.<\/p>\n\n\n\n<blockquote class=\"wp-block-quote is-layout-flow wp-block-quote-is-layout-flow\">\n<p>&#8220;S\u00e9 que<strong>&nbsp;despu\u00e9s de esta etapa con el City voy a parar,&nbsp;<\/strong>esto seguro, est\u00e1 decidido, m\u00e1s que decidido&#8221;<\/p>\n\n\n\n<p><strong>&#8220;Voy a dejarlo<\/strong>&nbsp;tras esta etapa con el City, porque<strong>&nbsp;necesito parar y centrarme en m\u00ed,<\/strong>&nbsp;en mi cuerpo&#8221;.<\/p>\n<\/blockquote>\n\n\n\n<h2 class=\"wp-block-heading\">\u00bfCu\u00e1ndo se va Pep del City?<\/h2>\n\n\n\n<p>Pese a que no revel\u00f3 cuando llegar\u00e1 este fin a su etapa en el Manchester City y la inminente pausa a su carrera, Guardiola se\u00f1ala que tomar\u00e1 esta decisi\u00f3n en el momento justo cuando quiera un nuevo reto en su carrera, tal como sucedi\u00f3 cuando sali\u00f3 del Bar\u00e7a.<\/p>\n\n\n\n<blockquote class=\"wp-block-quote is-layout-flow wp-block-quote-is-layout-flow\">\n<p>&#8220;Creo que&nbsp;<strong>supe parar en el momento justo.&nbsp;<\/strong>Me pas\u00f3 lo mismo con mi trabajo de entrenador [en el Bar\u00e7a], lleg\u00f3 un momento en que dije basta, es suficiente. Voy a buscar otro reto&#8221;<\/p>\n<\/blockquote>\n\n\n\n<h2 class=\"wp-block-heading\">Guardiola 2027<\/h2>\n\n\n\n<p>Hay que recordar que<strong>&nbsp;Pep Guardiola<\/strong>&nbsp;renov\u00f3 contrato el a\u00f1o pasado con el&nbsp;<strong>Manchester City<\/strong>&nbsp;y la extensi\u00f3n del mismo tiene una duraci\u00f3n hasta&nbsp;<strong>2027<\/strong>, por lo que este podr\u00eda ser el a\u00f1o del adi\u00f3s al&nbsp;<strong>City<\/strong>&nbsp;y la pausa indefinida a su carrera como entrenador.<\/p>\n\n\n\n<p><\/p>\n<div class='share-to-whatsapp-wrapper'><div class='share-on-whsp'>Share on: <\/div><a data-text='Pep Guardiola confirma pausa en su carrera tras salir del Manchester City: \"Necesito parar\"' data-link='https:\/\/portaltactica.com\/?p=96527' class='whatsapp-button whatsapp-share'>WhatsApp<\/a><div class='clear '><\/div><\/div>","protected":false},"excerpt":{"rendered":"<p>Luego de vivir la peor temporada en su carrera como entrenador y previo a empezar su noveno a\u00f1o en el banquillo&hellip;<\/p>\n","protected":false},"author":2,"featured_media":96528,"comment_status":"closed","ping_status":"closed","sticky":false,"template":"","format":"standard","meta":{"advanced_seo_description":"","jetpack_seo_html_title":"","jetpack_seo_noindex":false,"_jetpack_memberships_contains_paid_content":false,"footnotes":"","jetpack_publicize_message":"","jetpack_publicize_feature_enabled":true,"jetpack_social_post_already_shared":true,"jetpack_social_options":{"image_generator_settings":{"template":"highway","default_image_id":0,"font":"","enabled":false},"version":2}},"categories":[1898],"tags":[],"class_list":["post-96527","post","type-post","status-publish","format-standard","has-post-thumbnail","hentry","category-destacado-internacional"],"jetpack_publicize_connections":[],"jetpack_featured_media_url":"https:\/\/portaltactica.com\/wp-content\/uploads\/2025\/07\/2-17.jpg","jetpack_sharing_enabled":true,"_links":{"self":[{"href":"https:\/\/portaltactica.com\/index.php?rest_route=\/wp\/v2\/posts\/96527","targetHints":{"allow":["GET"]}}],"collection":[{"href":"https:\/\/portaltactica.com\/index.php?rest_route=\/wp\/v2\/posts"}],"about":[{"href":"https:\/\/portaltactica.com\/index.php?rest_route=\/wp\/v2\/types\/post"}],"author":[{"embeddable":true,"href":"https:\/\/portaltactica.com\/index.php?rest_route=\/wp\/v2\/users\/2"}],"replies":[{"embeddable":true,"href":"https:\/\/portaltactica.com\/index.php?rest_route=%2Fwp%2Fv2%2Fcomments&post=96527"}],"version-history":[{"count":1,"href":"https:\/\/portaltactica.com\/index.php?rest_route=\/wp\/v2\/posts\/96527\/revisions"}],"predecessor-version":[{"id":96529,"href":"https:\/\/portaltactica.com\/index.php?rest_route=\/wp\/v2\/posts\/96527\/revisions\/96529"}],"wp:featuredmedia":[{"embeddable":true,"href":"https:\/\/portaltactica.com\/index.php?rest_route=\/wp\/v2\/media\/96528"}],"wp:attachment":[{"href":"https:\/\/portaltactica.com\/index.php?rest_route=%2Fwp%2Fv2%2Fmedia&parent=96527"}],"wp:term":[{"taxonomy":"category","embeddable":true,"href":"https:\/\/portaltactica.com\/index.php?rest_route=%2Fwp%2Fv2%2Fcategories&post=96527"},{"taxonomy":"post_tag","embeddable":true,"href":"https:\/\/portaltactica.com\/index.php?rest_route=%2Fwp%2Fv2%2Ftags&post=96527"}],"curies":[{"name":"wp","href":"https:\/\/api.w.org\/{rel}","templated":true}]}}