{"id":96437,"date":"2025-07-24T13:39:18","date_gmt":"2025-07-24T20:39:18","guid":{"rendered":"https:\/\/portaltactica.com\/?p=96437"},"modified":"2025-07-24T13:39:22","modified_gmt":"2025-07-24T20:39:22","slug":"es-oficial-keylor-navas-ficha-por-pumas-cuando-jugara-su-primer-partido","status":"publish","type":"post","link":"https:\/\/portaltactica.com\/?p=96437","title":{"rendered":"\u00a1Es oficial! Keylor Navas ficha por Pumas: \u00bfCu\u00e1ndo jugar\u00e1 su primer partido?"},"content":{"rendered":"\n<p>Este jueves,\u00a0<strong>Keylor Navas<\/strong>\u00a0finalmente se ha vestido de\u00a0<strong>auriazul<\/strong>, pues\u00a0<strong>La Cantera\u00a0<\/strong>de los\u00a0<strong>Pumas\u00a0<\/strong>fue testigo de la oficializaci\u00f3n de fichaje con\u00a0<strong>Universidad Nacional<\/strong><\/p>\n\n\n\n<p>Tras semanas de incertidumbre, este jueves\u00a0<strong>Keylor Navas\u00a0<\/strong>finalmente se ha vestido de\u00a0<strong>azul y oro.<\/strong>\u00a0Y es que en las instalaciones de\u00a0<strong>La Cantera Universitaria<\/strong>, se ha hecho oficial su fichaje con los\u00a0<strong>Pumas<\/strong>, que le han dado la bienvenida por todo lo alto.\u00a0<\/p>\n\n\n\n<p>A trav\u00e9s de una serie de&nbsp;<strong>publicaciones&nbsp;<\/strong>compartidas en redes sociales, el conjunto felino ha&nbsp;<strong>presumido<\/strong>&nbsp;con orgullo a su nuevo refuerzo, y de manera presencial, lo ha hecho la<strong>&nbsp;directiva&nbsp;<\/strong>encabezada por el<strong>&nbsp;Dr. Luis Ra\u00fal Gonz\u00e1lez.&nbsp;<\/strong><\/p>\n\n\n\n<p>Tal como lo dicta la norma tradicional,&nbsp;<strong>Navas<\/strong>&nbsp;utilizar\u00e1 el dorsal&nbsp;<strong>n\u00famero 1<\/strong>&nbsp;en su espalda, y est\u00e1 listo para ponerse a las \u00f3rdenes de&nbsp;<strong>Efra\u00edn Ju\u00e1rez<\/strong>&nbsp;e incorporarse al grupo cuanto antes.&nbsp;<\/p>\n\n\n\n<h2 class=\"wp-block-heading\">\u00bfCu\u00e1ndo debutar\u00e1 Keylor Navas con Pumas?<\/h2>\n\n\n\n<p>La presentaci\u00f3n oficial de\u00a0<strong>Keylor Navas<\/strong>\u00a0con\u00a0<strong>Pumas<\/strong>\u00a0se ha hecho previo a que el equipo viaje a<strong>\u00a0Quer\u00e9taro<\/strong>\u00a0para disputar su partido correspondiente a la\u00a0<strong>Jornada 3<\/strong>\u00a0del\u00a0<strong>Apertura 2025\u00a0<\/strong>ante los\u00a0<strong>Gallos Blancos<\/strong>\u00a0en\u00a0<strong>La Corregidora<\/strong>. Escenario en el que se espera que el guardameta tico debute.<\/p>\n\n\n\n<figure class=\"wp-block-embed is-type-rich is-provider-twitter wp-block-embed-twitter\"><div class=\"wp-block-embed__wrapper\">\n<div class=\"embed-twitter\"><blockquote class=\"twitter-tweet\" data-width=\"550\" data-dnt=\"true\"><p lang=\"es\" dir=\"ltr\">\ud83c\udfc6\ud83d\udd25 \u00a1Bienvenido a tu familia Puma, Keylor Navas! \ud83d\udd25\ud83c\udfc6<br>Uno de los porteros m\u00e1s grandes de la historia mundial llega a Ciudad Universitaria.<br>\ud83e\udde4 Tricampe\u00f3n de Europa. \u2705<br>\ud83e\udde4 M\u00faltiple campe\u00f3n de liga en Espa\u00f1a y Francia.\ud83c\uddea\ud83c\uddf8 \ud83c\uddeb\ud83c\uddf7<br>\ud83e\udde4 Leyenda de Costa Rica. \ud83c\udde8\ud83c\uddf7<br>\ud83e\udde4 Experiencia mundialista.\u2026 <a href=\"https:\/\/t.co\/lceaIWO9jP\">pic.twitter.com\/lceaIWO9jP<\/a><\/p>&mdash; PUMAS (@PumasMX) <a href=\"https:\/\/twitter.com\/PumasMX\/status\/1948473784295383415?ref_src=twsrc%5Etfw\">July 24, 2025<\/a><\/blockquote><script async src=\"https:\/\/platform.twitter.com\/widgets.js\" charset=\"utf-8\"><\/script><\/div>\n<\/div><\/figure>\n\n\n\n<h2 class=\"wp-block-heading\">Trayectoria profesional de Keylor Navas<\/h2>\n\n\n\n<p><strong>Navas<\/strong>&nbsp;comenz\u00f3 su carrera profesional en el<strong>&nbsp;Deportivo Saprissa<\/strong>, debutando profesionalmente en noviembre de&nbsp;<strong>2005<\/strong>. Cinco a\u00f1os despu\u00e9s, cruz\u00f3 el charco para desenvolverse en el futbol espa\u00f1ol, y en&nbsp;<strong>2014<\/strong>, llega al&nbsp;<strong>Real Madrid<\/strong>, equipo del que se convirti\u00f3 en un pilar.<\/p>\n\n\n\n<p>A su salida del conjunto merengue,&nbsp;<strong>Navas&nbsp;<\/strong>se uni\u00f3 al&nbsp;<strong>PSG&nbsp;<\/strong>hasta&nbsp;<strong>2024<\/strong>, y despu\u00e9s de medio a\u00f1o sin equipo, el&nbsp;<strong>Newell\u2019s Old Boys<\/strong>&nbsp;lo fich\u00f3 en enero de&nbsp;<strong>2025<\/strong>. Un semestre despu\u00e9s, se sumergir\u00e1 en una nueva aventura con los&nbsp;<strong>Pumas&nbsp;<\/strong>de la&nbsp;<strong>Universidad Nacional&nbsp;<\/strong>en la liga mexicana.<\/p>\n\n\n\n<ul class=\"wp-block-list\">\n<li>Deportivo Saprissa: 2005-2010<\/li>\n\n\n\n<li>Albacete Balompi\u00e9: 2010-2011<\/li>\n\n\n\n<li>Levante UD: 2011-2014<\/li>\n\n\n\n<li>Real Madrid: 2014-2019<\/li>\n\n\n\n<li>Paris Saint-Germain: Dominio en Francia: 2019-2024<\/li>\n\n\n\n<li>Nottingham Forest (Pr\u00e9stamo): 2023<\/li>\n\n\n\n<li>Newell\u2019s Old Boys: 2025<\/li>\n\n\n\n<li>Pumas: 2025-Por definirse<\/li>\n<\/ul>\n\n\n\n<h3 class=\"wp-block-heading\">Trayectoria de Keylor Navas en Selecci\u00f3n<\/h3>\n\n\n\n<p><strong>Navas<\/strong>&nbsp;debut\u00f3 con la selecci\u00f3n de&nbsp;<strong>Costa Rica&nbsp;<\/strong>en&nbsp;<strong>2008<\/strong>, y hasta la&nbsp;<strong>Copa Oro 2025,&nbsp;<\/strong>en la que su naci\u00f3n fue eliminada en&nbsp;<strong>Cuartos de Final&nbsp;<\/strong>por&nbsp;<strong>Estados Unidos<\/strong>, suma120 partidos resguardando el arco, siendo el portero con m\u00e1s participaciones en la historia del equipo.<\/p>\n\n\n\n<h3 class=\"wp-block-heading\">Palmar\u00e9s de Keylor Navas<\/h3>\n\n\n\n<p><strong>Navas&nbsp;<\/strong>ha acumulado&nbsp;<strong>29 t\u00edtulos&nbsp;<\/strong>a nivel de clubes y reconocimientos individuales, distribuidos de la siguiente manera:<\/p>\n\n\n\n<h4 class=\"wp-block-heading\">Clubes<\/h4>\n\n\n\n<ul class=\"wp-block-list\">\n<li><strong>Deportivo Saprissa<\/strong>: 5 Ligas FPD, 1 CONCACAF Champions League, 1 Campeonato de Verano<\/li>\n\n\n\n<li><strong>Real Madrid<\/strong>: 3 Champions League, 1 La Liga, 4 Mundiales de Clubes, 3 Supercopas de Europa, 2 Supercopas de Espa\u00f1a<\/li>\n\n\n\n<li><strong>PSG<\/strong>: 3 Ligue 1, 3 Copas de Francia, 1 Copa de la Liga, 3 Supercopas de Francia<\/li>\n<\/ul>\n<div class='share-to-whatsapp-wrapper'><div class='share-on-whsp'>Share on: <\/div><a data-text='\u00a1Es oficial! Keylor Navas ficha por Pumas: \u00bfCu\u00e1ndo jugar\u00e1 su primer partido?' data-link='https:\/\/portaltactica.com\/?p=96437' class='whatsapp-button whatsapp-share'>WhatsApp<\/a><div class='clear '><\/div><\/div>","protected":false},"excerpt":{"rendered":"<p>Este jueves,\u00a0Keylor Navas\u00a0finalmente se ha vestido de\u00a0auriazul, pues\u00a0La Cantera\u00a0de los\u00a0Pumas\u00a0fue testigo de la oficializaci\u00f3n de fichaje con\u00a0Universidad Nacional Tras semanas de&hellip;<\/p>\n","protected":false},"author":2,"featured_media":96438,"comment_status":"closed","ping_status":"closed","sticky":false,"template":"","format":"standard","meta":{"advanced_seo_description":"","jetpack_seo_html_title":"","jetpack_seo_noindex":false,"_jetpack_memberships_contains_paid_content":false,"footnotes":"","jetpack_publicize_message":"","jetpack_publicize_feature_enabled":true,"jetpack_social_post_already_shared":true,"jetpack_social_options":{"image_generator_settings":{"template":"highway","default_image_id":0,"font":"","enabled":false},"version":2}},"categories":[1897,1896],"tags":[],"class_list":["post-96437","post","type-post","status-publish","format-standard","has-post-thumbnail","hentry","category-destacado-nacional","category-destacado-portada"],"jetpack_publicize_connections":[],"jetpack_featured_media_url":"https:\/\/portaltactica.com\/wp-content\/uploads\/2025\/07\/6-6.png","jetpack_sharing_enabled":true,"_links":{"self":[{"href":"https:\/\/portaltactica.com\/index.php?rest_route=\/wp\/v2\/posts\/96437","targetHints":{"allow":["GET"]}}],"collection":[{"href":"https:\/\/portaltactica.com\/index.php?rest_route=\/wp\/v2\/posts"}],"about":[{"href":"https:\/\/portaltactica.com\/index.php?rest_route=\/wp\/v2\/types\/post"}],"author":[{"embeddable":true,"href":"https:\/\/portaltactica.com\/index.php?rest_route=\/wp\/v2\/users\/2"}],"replies":[{"embeddable":true,"href":"https:\/\/portaltactica.com\/index.php?rest_route=%2Fwp%2Fv2%2Fcomments&post=96437"}],"version-history":[{"count":1,"href":"https:\/\/portaltactica.com\/index.php?rest_route=\/wp\/v2\/posts\/96437\/revisions"}],"predecessor-version":[{"id":96439,"href":"https:\/\/portaltactica.com\/index.php?rest_route=\/wp\/v2\/posts\/96437\/revisions\/96439"}],"wp:featuredmedia":[{"embeddable":true,"href":"https:\/\/portaltactica.com\/index.php?rest_route=\/wp\/v2\/media\/96438"}],"wp:attachment":[{"href":"https:\/\/portaltactica.com\/index.php?rest_route=%2Fwp%2Fv2%2Fmedia&parent=96437"}],"wp:term":[{"taxonomy":"category","embeddable":true,"href":"https:\/\/portaltactica.com\/index.php?rest_route=%2Fwp%2Fv2%2Fcategories&post=96437"},{"taxonomy":"post_tag","embeddable":true,"href":"https:\/\/portaltactica.com\/index.php?rest_route=%2Fwp%2Fv2%2Ftags&post=96437"}],"curies":[{"name":"wp","href":"https:\/\/api.w.org\/{rel}","templated":true}]}}