{"id":96421,"date":"2025-07-24T09:24:21","date_gmt":"2025-07-24T16:24:21","guid":{"rendered":"https:\/\/portaltactica.com\/?p=96421"},"modified":"2025-07-24T09:24:24","modified_gmt":"2025-07-24T16:24:24","slug":"marc-andre-ter-stegen-sera-baja-tres-meses-tras-decidir-operarse-de-la-espalda","status":"publish","type":"post","link":"https:\/\/portaltactica.com\/?p=96421","title":{"rendered":"Marc-Andr\u00e9 ter Stegen ser\u00e1 baja tres meses tras decidir operarse de la espalda"},"content":{"rendered":"\n<p><strong>Marc-Andr\u00e9 ter Stegen\u00a0<\/strong>confirm\u00f3 que se\u00a0<strong>someter\u00e1 a una cirug\u00eda de la espalda<\/strong>, lo que lo dejar\u00e1 tres meses fuera. Esta situaci\u00f3n llega en un momento clave en la carrera del arquero alem\u00e1n, pues\u00a0<strong>su futuro en\u00a0Barcelona\u00a0est\u00e1 en el aire<\/strong>, adem\u00e1s de su deseo de pelear por el puesto titular en su\u00a0<strong>Selecci\u00f3n para el Mundial 2026<\/strong>.<\/p>\n\n\n\n<h2 class=\"wp-block-heading\"><strong>\u00bfQu\u00e9 dijo ter Stegen?&nbsp;<\/strong><\/h2>\n\n\n\n<p>En redes sociales, el alem\u00e1n comparti\u00f3 su situaci\u00f3n, la cual&nbsp;<strong>calific\u00f3 como una muy dif\u00edcil<\/strong>, ya que se encuentra en buen estado mental, pero los dolores en la espalda no lo han dejado y&nbsp;<strong>tendr\u00e1 que operarse<\/strong>.<\/p>\n\n\n\n<p>\u201cLlevo con gran orgullo los colores y la camiseta del&nbsp;<strong>FC Barcelona,<\/strong>&nbsp;ya sea en el campo o fuera del terreno de juego, tanto en los momentos de \u00e9xito como en los dif\u00edciles.&nbsp;<strong>Hoy es un d\u00eda dif\u00edcil para m\u00ed a nivel personal<\/strong>. F\u00edsicamente y an\u00edmicamente me siento en muy buena forma, aunque lamentablemente no estoy libre de dolor\u201d, inici\u00f3 ter Stegen.<\/p>\n\n\n\n<p>&#8220;Tras conversaciones intensivas con el equipo m\u00e9dico del&nbsp;<strong>FC Barcelona&nbsp;<\/strong>y expertos externos, la v\u00eda m\u00e1s r\u00e1pida y segura para recuperarme por completo es una intervenci\u00f3n quir\u00fargica en la espalda. Los m\u00e9dicos creen que&nbsp;<strong>ser\u00e1n necesarios tres meses<\/strong>, para no correr riesgos\u201d, agreg\u00f3 el alem\u00e1n.<\/p>\n\n\n\n<h2 class=\"wp-block-heading\"><strong>Ter Stegen promete volver<\/strong><\/h2>\n\n\n\n<p>Sin embargo, ter Stegen dio un mensaje alentador a la afici\u00f3n cul\u00e9, a pesar de la dura&nbsp;<strong>competencia que tendr\u00e1 con Wojciech Szcz\u0119sny y Joan Garc\u00eda<\/strong>&nbsp;para quedarse con el puesto titular en la porter\u00eda del conjunto cul\u00e9.<\/p>\n\n\n\n<p>\u201cA nivel emocional,&nbsp;<strong>me duele mucho no poder apoyar al equipo durante este tiempo<\/strong>, pero por suerte la rehabilitaci\u00f3n es llevadera y el camino de regreso est\u00e1 marcado. Os mantendr\u00e9 al tanto de mi recuperaci\u00f3n y quiero, de coraz\u00f3n, agradeceros a todos, queridos cul\u00e9s, que est\u00e9s siempre a mi lado.&nbsp;<strong>No os preocup\u00e9is, volver\u00e9\u201d<\/strong>, finaliz\u00f3 el portero de 33 a\u00f1os.<\/p>\n<div class='share-to-whatsapp-wrapper'><div class='share-on-whsp'>Share on: <\/div><a data-text='Marc-Andr\u00e9 ter Stegen ser\u00e1 baja tres meses tras decidir operarse de la espalda' data-link='https:\/\/portaltactica.com\/?p=96421' class='whatsapp-button whatsapp-share'>WhatsApp<\/a><div class='clear '><\/div><\/div>","protected":false},"excerpt":{"rendered":"<p>Marc-Andr\u00e9 ter Stegen\u00a0confirm\u00f3 que se\u00a0someter\u00e1 a una cirug\u00eda de la espalda, lo que lo dejar\u00e1 tres meses fuera. Esta situaci\u00f3n llega&hellip;<\/p>\n","protected":false},"author":2,"featured_media":96422,"comment_status":"closed","ping_status":"closed","sticky":false,"template":"","format":"standard","meta":{"advanced_seo_description":"","jetpack_seo_html_title":"","jetpack_seo_noindex":false,"_jetpack_memberships_contains_paid_content":false,"footnotes":"","jetpack_publicize_message":"","jetpack_publicize_feature_enabled":true,"jetpack_social_post_already_shared":true,"jetpack_social_options":{"image_generator_settings":{"template":"highway","default_image_id":0,"font":"","enabled":false},"version":2}},"categories":[1898],"tags":[],"class_list":["post-96421","post","type-post","status-publish","format-standard","has-post-thumbnail","hentry","category-destacado-internacional"],"jetpack_publicize_connections":[],"jetpack_featured_media_url":"https:\/\/portaltactica.com\/wp-content\/uploads\/2025\/07\/2-14.jpg","jetpack_sharing_enabled":true,"_links":{"self":[{"href":"https:\/\/portaltactica.com\/index.php?rest_route=\/wp\/v2\/posts\/96421","targetHints":{"allow":["GET"]}}],"collection":[{"href":"https:\/\/portaltactica.com\/index.php?rest_route=\/wp\/v2\/posts"}],"about":[{"href":"https:\/\/portaltactica.com\/index.php?rest_route=\/wp\/v2\/types\/post"}],"author":[{"embeddable":true,"href":"https:\/\/portaltactica.com\/index.php?rest_route=\/wp\/v2\/users\/2"}],"replies":[{"embeddable":true,"href":"https:\/\/portaltactica.com\/index.php?rest_route=%2Fwp%2Fv2%2Fcomments&post=96421"}],"version-history":[{"count":1,"href":"https:\/\/portaltactica.com\/index.php?rest_route=\/wp\/v2\/posts\/96421\/revisions"}],"predecessor-version":[{"id":96423,"href":"https:\/\/portaltactica.com\/index.php?rest_route=\/wp\/v2\/posts\/96421\/revisions\/96423"}],"wp:featuredmedia":[{"embeddable":true,"href":"https:\/\/portaltactica.com\/index.php?rest_route=\/wp\/v2\/media\/96422"}],"wp:attachment":[{"href":"https:\/\/portaltactica.com\/index.php?rest_route=%2Fwp%2Fv2%2Fmedia&parent=96421"}],"wp:term":[{"taxonomy":"category","embeddable":true,"href":"https:\/\/portaltactica.com\/index.php?rest_route=%2Fwp%2Fv2%2Fcategories&post=96421"},{"taxonomy":"post_tag","embeddable":true,"href":"https:\/\/portaltactica.com\/index.php?rest_route=%2Fwp%2Fv2%2Ftags&post=96421"}],"curies":[{"name":"wp","href":"https:\/\/api.w.org\/{rel}","templated":true}]}}