{"id":96408,"date":"2025-07-23T12:49:17","date_gmt":"2025-07-23T19:49:17","guid":{"rendered":"https:\/\/portaltactica.com\/?p=96408"},"modified":"2025-07-23T12:49:20","modified_gmt":"2025-07-23T19:49:20","slug":"sigue-en-pie-jose-juan-macias-busca-oportunidad-en-el-futbol-espanol","status":"publish","type":"post","link":"https:\/\/portaltactica.com\/?p=96408","title":{"rendered":"\u00a1Sigue en pie! Jos\u00e9 Juan Mac\u00edas busca oportunidad en el futbol espa\u00f1ol"},"content":{"rendered":"\n<p>Una oportunidad m\u00e1s en el futbol profesional,\u00a0<strong>Jos\u00e9 Juan Mac\u00edas<\/strong>\u00a0estar\u00e1 a prueba con el\u00a0<strong>Real Valladolid<\/strong>\u00a0de la Segunda Divisi\u00f3n de Espa\u00f1a, en lo que puede representar su regreso a ese balompi\u00e9 tras\u00a0su pobre paso por el Getafe entre 2021 y 2022.\u00a0<\/p>\n\n\n\n<p>El canterano de las Chivas, de 25 a\u00f1os, tendr\u00e1 otra chance para retomar su carrera luego de que su etapa con Santos Laguna termin\u00f3 prematuramente\u00a0debido\u00a0a constantes lesiones musculares. Su \u00faltimo juego con los Guerreros\u00a0<strong>fue el 20 de enero ante Pachuca<\/strong>.<\/p>\n\n\n\n<p>\u201cJos\u00e9 Juan Mac\u00edas Guzm\u00e1n (22-09-1999; Guadalajara, M\u00e9xico)\u00a0<strong>estar\u00e1 a prueba desde este jueves con el Real Valladolid<\/strong>. El delantero internacional mexicano empezar\u00e1 a ejercitarse con el Promesas hasta la vuelta del primer equipo de Chile\u201d, dice el comunicado del club.\u201c<\/p>\n\n\n\n<p>JJ Mac\u00edas destac\u00f3 muy joven en su pa\u00eds, donde pronto comenz\u00f3 a demostrar su olfato goleador en el CD Guadalajara -popularmente conocido como \u2018Chivas\u2019- de la Primera Divisi\u00f3n mexicana.\u00a0<strong>Anot\u00f3 23 tantos con Chivas y 19 con Club Le\u00f3n<\/strong>, unos hechos que le llevaron a debutar con la selecci\u00f3n absoluta a los 20 a\u00f1os y, poco despu\u00e9s, a dar el salto a Europa, donde\u00a0<strong>jug\u00f3 media temporada de la 2021\/22 con el Getafe CF<\/strong>\u00a0en la m\u00e1xima categor\u00eda espa\u00f1ola\u201d.<\/p>\n\n\n\n<h2 class=\"wp-block-heading\">\u00bfJos\u00e9 Juan Mac\u00edas pens\u00f3 en el retiro?<\/h2>\n\n\n\n<p><strong>El retiro de las canchas parec\u00eda ser el camino para Mac\u00edas<\/strong>, luego del\u00a0par de roturas de ligamento cruzado\u00a0que lo apartaron de las canchas poco m\u00e1s de a\u00f1o y medio, sumado a las reiterados molestias musculares, sin embargo pondr\u00e1 a prueba su estado f\u00edsico, mental y cualidades goleadoras.<\/p>\n\n\n\n<blockquote class=\"wp-block-quote is-layout-flow wp-block-quote-is-layout-flow\">\n<p>\u201cDiferentes procesos m\u00e9dicos&nbsp;<strong>frenaron una prometedora carrera<\/strong>&nbsp;que buscar\u00e1 retomar a base de trabajo en los Anexos. As\u00ed, el delantero de 25 a\u00f1os estar\u00e1 a prueba desde este jueves ejercit\u00e1ndose con el Promesas hasta que el primer equipo regrese de su estad\u00eda en Chile\u201d, continu\u00f3 el comunicado.<\/p>\n<\/blockquote>\n\n\n\n<p>En 2019 JJ Mac\u00edas se alz\u00f3 como el mejor goleador mexicano en la Liga MX, pero ese pico de rendimiento vino a menos y&nbsp;<strong>hoy busca recuperar la memoria futbol\u00edstica<\/strong>.<\/p>\n\n\n\n<p>El Valladolid tendr\u00e1 un par de encuentros en Chile ante el Colo Colo, el primero hoy a las 19:00 horas y el s\u00e1bado, el segundo a las 18:00 H.<\/p>\n\n\n\n<p>El equipo, donde\u00a0lleg\u00f3 a militar Cuauht\u00e9moc Blanco, descendi\u00f3 en la \u00faltima temporada de la Liga de Espa\u00f1a, su tercera ocasi\u00f3n en cinco a\u00f1os.<\/p>\n<div class='share-to-whatsapp-wrapper'><div class='share-on-whsp'>Share on: <\/div><a data-text='\u00a1Sigue en pie! Jos\u00e9 Juan Mac\u00edas busca oportunidad en el futbol espa\u00f1ol' data-link='https:\/\/portaltactica.com\/?p=96408' class='whatsapp-button whatsapp-share'>WhatsApp<\/a><div class='clear '><\/div><\/div>","protected":false},"excerpt":{"rendered":"<p>Una oportunidad m\u00e1s en el futbol profesional,\u00a0Jos\u00e9 Juan Mac\u00edas\u00a0estar\u00e1 a prueba con el\u00a0Real Valladolid\u00a0de la Segunda Divisi\u00f3n de Espa\u00f1a, en lo&hellip;<\/p>\n","protected":false},"author":2,"featured_media":96409,"comment_status":"closed","ping_status":"closed","sticky":false,"template":"","format":"standard","meta":{"advanced_seo_description":"","jetpack_seo_html_title":"","jetpack_seo_noindex":false,"_jetpack_memberships_contains_paid_content":false,"footnotes":"","jetpack_publicize_message":"","jetpack_publicize_feature_enabled":true,"jetpack_social_post_already_shared":true,"jetpack_social_options":{"image_generator_settings":{"template":"highway","default_image_id":0,"font":"","enabled":false},"version":2}},"categories":[6],"tags":[],"class_list":["post-96408","post","type-post","status-publish","format-standard","has-post-thumbnail","hentry","category-internacional"],"jetpack_publicize_connections":[],"jetpack_featured_media_url":"https:\/\/portaltactica.com\/wp-content\/uploads\/2025\/07\/6-5.png","jetpack_sharing_enabled":true,"_links":{"self":[{"href":"https:\/\/portaltactica.com\/index.php?rest_route=\/wp\/v2\/posts\/96408","targetHints":{"allow":["GET"]}}],"collection":[{"href":"https:\/\/portaltactica.com\/index.php?rest_route=\/wp\/v2\/posts"}],"about":[{"href":"https:\/\/portaltactica.com\/index.php?rest_route=\/wp\/v2\/types\/post"}],"author":[{"embeddable":true,"href":"https:\/\/portaltactica.com\/index.php?rest_route=\/wp\/v2\/users\/2"}],"replies":[{"embeddable":true,"href":"https:\/\/portaltactica.com\/index.php?rest_route=%2Fwp%2Fv2%2Fcomments&post=96408"}],"version-history":[{"count":1,"href":"https:\/\/portaltactica.com\/index.php?rest_route=\/wp\/v2\/posts\/96408\/revisions"}],"predecessor-version":[{"id":96410,"href":"https:\/\/portaltactica.com\/index.php?rest_route=\/wp\/v2\/posts\/96408\/revisions\/96410"}],"wp:featuredmedia":[{"embeddable":true,"href":"https:\/\/portaltactica.com\/index.php?rest_route=\/wp\/v2\/media\/96409"}],"wp:attachment":[{"href":"https:\/\/portaltactica.com\/index.php?rest_route=%2Fwp%2Fv2%2Fmedia&parent=96408"}],"wp:term":[{"taxonomy":"category","embeddable":true,"href":"https:\/\/portaltactica.com\/index.php?rest_route=%2Fwp%2Fv2%2Fcategories&post=96408"},{"taxonomy":"post_tag","embeddable":true,"href":"https:\/\/portaltactica.com\/index.php?rest_route=%2Fwp%2Fv2%2Ftags&post=96408"}],"curies":[{"name":"wp","href":"https:\/\/api.w.org\/{rel}","templated":true}]}}