{"id":96393,"date":"2025-07-23T09:27:10","date_gmt":"2025-07-23T16:27:10","guid":{"rendered":"https:\/\/portaltactica.com\/?p=96393"},"modified":"2025-07-23T09:27:12","modified_gmt":"2025-07-23T16:27:12","slug":"confirmado-sergio-ramos-sera-el-capitan-de-la-liga-mx-en-el-all-star-game","status":"publish","type":"post","link":"https:\/\/portaltactica.com\/?p=96393","title":{"rendered":"Confirmado: Sergio Ramos ser\u00e1 el capit\u00e1n de la Liga MX en el All-Star Game"},"content":{"rendered":"\n<p>\u00bfBuena voluntad o dinero de por medio? La respuesta a dicha pregunta probablemente nunca se sepa con certeza. Lo \u00fanico claro por ahora es que\u00a0<strong>Sergio Ramos<\/strong>\u00a0ser\u00e1 el capit\u00e1n de la\u00a0<strong>Liga MX\u00a0<\/strong>en el partido de este mi\u00e9rcoles en el\u00a0<strong>All-Star Game<\/strong>\u00a0contra la\u00a0<strong>MLS<\/strong>.\u00a0<\/p>\n\n\n\n<p>&nbsp;Inicialmente, no estaba clara la participaci\u00f3n del defensa espa\u00f1ol. Sin embargo, este martes el presidente de la liga,&nbsp;<strong>Mikel Arriola,&nbsp;<\/strong>confirm\u00f3 su presencia y su capitan\u00eda. &#8220;\u00a1Estamos listos! El Capit\u00e1n del equipo de @LigaBBVAMX en el Juego de Estrellas de ma\u00f1ana contra la @MLS en Austin ser\u00e1 el hist\u00f3rico @SergioRamos&#8221;.&nbsp;<\/p>\n\n\n\n<p>&#8220;Muchas gracias a la directiva de @Rayados y a Sergio por su voluntad y apoyo para participar en el #MLSAllStar&#8221;, escribi\u00f3 el directivo, mientras que el club regio solo comparti\u00f3 la informaci\u00f3n en redes sociales.&nbsp;<\/p>\n\n\n\n<h2 class=\"wp-block-heading\">Figuras internacionales ausentes&nbsp;<\/h2>\n\n\n\n<p><strong>James Rodr\u00edguez<\/strong>&nbsp;no estuvo en el Skills Challenge y todo apunta a que causar\u00e1 baja. Mientras que&nbsp;<strong>Jordi Alba<\/strong>&nbsp;y&nbsp;<strong>Lionel Messi<\/strong>&nbsp;tampoco estuvieron en el evento del martes y, aunque se supone que est\u00e1n obligados a jugar, se desconoce si estar\u00e1n presentes.&nbsp;<\/p>\n\n\n\n<p>Adem\u00e1s, por la MLS tampoco estar\u00e1n&nbsp;<strong>Sergio Busquets<\/strong>&nbsp;y&nbsp;<strong>Luis Su\u00e1rez<\/strong>&nbsp;del&nbsp;<strong>Inter Miami<\/strong>, adem\u00e1s de&nbsp;<strong>Hugo Lloris de LAFC<\/strong>&nbsp;y&nbsp;<strong>Marco Reus&nbsp;<\/strong>de&nbsp;<strong>LA Galaxy.&nbsp;<\/strong>Aunque en el caso de estos cuatro jugadores, su ausencia se debe a la decisi\u00f3n del t\u00e9cnico de no convocarlos.&nbsp;<\/p>\n\n\n\n<h2 class=\"wp-block-heading\">\u00bfD\u00f3nde y a qu\u00e9 hora ver el All-Star Game 2025?<\/h2>\n\n\n\n<ul class=\"wp-block-list\">\n<li>Fecha: mi\u00e9rcoles 23 de julio<\/li>\n\n\n\n<li>Hora: 20:00 horas del centro de M\u00e9xico<\/li>\n\n\n\n<li>Lugar: Q2 Stadium, Austin, Texas<\/li>\n\n\n\n<li>D\u00f3nde ver: Apple TV (MLS Season Pass)<\/li>\n<\/ul>\n<div class='share-to-whatsapp-wrapper'><div class='share-on-whsp'>Share on: <\/div><a data-text='Confirmado: Sergio Ramos ser\u00e1 el capit\u00e1n de la Liga MX en el All-Star Game' data-link='https:\/\/portaltactica.com\/?p=96393' class='whatsapp-button whatsapp-share'>WhatsApp<\/a><div class='clear '><\/div><\/div>","protected":false},"excerpt":{"rendered":"<p>\u00bfBuena voluntad o dinero de por medio? La respuesta a dicha pregunta probablemente nunca se sepa con certeza. Lo \u00fanico claro&hellip;<\/p>\n","protected":false},"author":2,"featured_media":96394,"comment_status":"closed","ping_status":"closed","sticky":false,"template":"","format":"standard","meta":{"advanced_seo_description":"","jetpack_seo_html_title":"","jetpack_seo_noindex":false,"_jetpack_memberships_contains_paid_content":false,"footnotes":"","jetpack_publicize_message":"","jetpack_publicize_feature_enabled":true,"jetpack_social_post_already_shared":true,"jetpack_social_options":{"image_generator_settings":{"template":"highway","default_image_id":0,"font":"","enabled":false},"version":2}},"categories":[1896],"tags":[],"class_list":["post-96393","post","type-post","status-publish","format-standard","has-post-thumbnail","hentry","category-destacado-portada"],"jetpack_publicize_connections":[],"jetpack_featured_media_url":"https:\/\/portaltactica.com\/wp-content\/uploads\/2025\/07\/2-5.png","jetpack_sharing_enabled":true,"_links":{"self":[{"href":"https:\/\/portaltactica.com\/index.php?rest_route=\/wp\/v2\/posts\/96393","targetHints":{"allow":["GET"]}}],"collection":[{"href":"https:\/\/portaltactica.com\/index.php?rest_route=\/wp\/v2\/posts"}],"about":[{"href":"https:\/\/portaltactica.com\/index.php?rest_route=\/wp\/v2\/types\/post"}],"author":[{"embeddable":true,"href":"https:\/\/portaltactica.com\/index.php?rest_route=\/wp\/v2\/users\/2"}],"replies":[{"embeddable":true,"href":"https:\/\/portaltactica.com\/index.php?rest_route=%2Fwp%2Fv2%2Fcomments&post=96393"}],"version-history":[{"count":1,"href":"https:\/\/portaltactica.com\/index.php?rest_route=\/wp\/v2\/posts\/96393\/revisions"}],"predecessor-version":[{"id":96395,"href":"https:\/\/portaltactica.com\/index.php?rest_route=\/wp\/v2\/posts\/96393\/revisions\/96395"}],"wp:featuredmedia":[{"embeddable":true,"href":"https:\/\/portaltactica.com\/index.php?rest_route=\/wp\/v2\/media\/96394"}],"wp:attachment":[{"href":"https:\/\/portaltactica.com\/index.php?rest_route=%2Fwp%2Fv2%2Fmedia&parent=96393"}],"wp:term":[{"taxonomy":"category","embeddable":true,"href":"https:\/\/portaltactica.com\/index.php?rest_route=%2Fwp%2Fv2%2Fcategories&post=96393"},{"taxonomy":"post_tag","embeddable":true,"href":"https:\/\/portaltactica.com\/index.php?rest_route=%2Fwp%2Fv2%2Ftags&post=96393"}],"curies":[{"name":"wp","href":"https:\/\/api.w.org\/{rel}","templated":true}]}}