{"id":96362,"date":"2025-07-22T09:22:08","date_gmt":"2025-07-22T16:22:08","guid":{"rendered":"https:\/\/portaltactica.com\/?p=96362"},"modified":"2025-07-22T09:23:09","modified_gmt":"2025-07-22T16:23:09","slug":"victor-manuel-vucetich-pone-fin-a-su-carrera-como-entrenador","status":"publish","type":"post","link":"https:\/\/portaltactica.com\/?p=96362","title":{"rendered":"V\u00edctor Manuel Vucetich pone fin a su carrera como entrenador"},"content":{"rendered":"\n<p>Despu\u00e9s de una brillante y extensa trayectoria en los banquillos del futbol mexicano,&nbsp;<strong>V\u00edctor Manuel Vucetich<\/strong>&nbsp;ha decidido poner punto final a su carrera y a los 70 a\u00f1os de edad opt\u00f3 por el&nbsp;<strong>retiro<\/strong>&nbsp;como&nbsp;<strong>director t\u00e9cnico<\/strong>.&nbsp;<\/p>\n\n\n\n<p>Tras su reciente salida de&nbsp;<strong>Mazatl\u00e1n<\/strong>, y con m\u00e1s de 30 a\u00f1os de experiencia y una vitrina llena de&nbsp;<strong>t\u00edtulos<\/strong>, el estratega dejar\u00e1 una huella imborrable en la historia del balompi\u00e9 nacional, siendo especialmente recordado por su etapa gloriosa con los&nbsp;<strong>Rayados de Monterrey<\/strong>.<\/p>\n\n\n\n<p><strong>\u00bfQu\u00e9 gan\u00f3 Vucetich con Rayados?<\/strong><\/p>\n\n\n\n<p><strong>Vucetich<\/strong>&nbsp;ser\u00e1 eternamente reconocido como el t\u00e9cnico m\u00e1s exitoso en la historia de&nbsp;<strong>Rayados<\/strong>. Bajo su direcci\u00f3n, el club vivi\u00f3 su \u00e9poca dorada, al conquistar un bicampeonato de&nbsp;<strong>Liga MX<\/strong>&nbsp;(Apertura 2009 y Apertura 2010), adem\u00e1s de levantar tres t\u00edtulos consecutivos de la&nbsp;<strong>Liga de Campeones de la Concacaf<\/strong>&nbsp;(2011, 2012 y 2013). Su liderazgo llev\u00f3 al equipo a competir a nivel internacional, logrando destacadas actuaciones en el Mundial de Clubes.<\/p>\n\n\n\n<p>Su primera etapa en&nbsp;<strong>Monterrey<\/strong>, de 2009 a 2013, fue una era de dominio total, en la que el club se transform\u00f3 en una potencia del futbol mexicano. Vucetich le dio una identidad ganadora a Rayados, consolidando figuras como&nbsp;<strong>Humberto Suazo<\/strong>, Jos\u00e9 Basanta, Jonathan Orozco y&nbsp;<strong>Aldo de Nigris<\/strong>, adem\u00e1s de llevar al equipo a un estilo de juego pr\u00e1ctico, contundente y altamente competitivo.<\/p>\n\n\n\n<h2 class=\"wp-block-heading\">Hasta en Segunda Divisi\u00f3n<\/h2>\n\n\n\n<p>El \u00e9xito de Vuce se dio incluso en la divisi\u00f3n de plata con los ascensos de Potros Neza (1988-89) y Le\u00f3n (1989-90).<\/p>\n\n\n\n<p><strong>Las dos etapas de Vucetich en Rayados<\/strong><\/p>\n\n\n\n<p>Tras varios a\u00f1os dirigiendo a equipos como&nbsp;Chivas,&nbsp;<strong>Vucetich<\/strong>&nbsp;regres\u00f3 a Monterrey en 2022 para una segunda etapa que, aunque m\u00e1s corta, tambi\u00e9n dej\u00f3 huella. Bajo su mando, el equipo volvi\u00f3 a ser protagonista y durante el Clausura 2023, firm\u00f3 una de las mejores fases regulares en la historia reciente del club al sumar 40 puntos en la&nbsp;<strong>Liga MX<\/strong>, consolid\u00e1ndose como l\u00edder.<\/p>\n\n\n\n<p>Sin embargo, esa\u00a0<strong>segunda etapa<\/strong>\u00a0no termin\u00f3 con un t\u00edtulo, pues los Rayados fueron eliminados en Semifinales por\u00a0<strong>Tigres<\/strong>. A pesar de ello, el reconocimiento a su trabajo fue un\u00e1nime, y su legado qued\u00f3 intacto entre la afici\u00f3n regiomontana, que siempre lo vio como un s\u00edmbolo de respeto, profesionalismo y resultados.<\/p>\n\n\n\n<p>A lo largo de 37 a\u00f1os de carrera, Vucetich dirigi\u00f3 a clubes como&nbsp;<strong>Le\u00f3n,<\/strong>&nbsp;Tecos y&nbsp;<strong>Pachuca<\/strong>, donde sumado a lo hecho en Rayados conquist\u00f3 un total de 5 t\u00edtulos de liga.<\/p>\n\n\n\n<p>Adem\u00e1s de esto, dirigi\u00f3 a clubes como&nbsp;<strong>Tigres<\/strong>, Cruz Azul y Quer\u00e9taro, donde levant\u00f3 trofeos de&nbsp;<strong>Copa MX<\/strong>. Su apodo, &#8216;El&nbsp;<strong>Rey Midas<\/strong>&#8216;, no fue gratuito: casi todos los equipos que toc\u00f3 los llev\u00f3 al \u00e9xito.<\/p>\n\n\n\n<p>Con su retiro, el futbol mexicano despide a una de sus figuras m\u00e1s influyentes.&nbsp;<strong>V\u00edctor Manuel Vucetich<\/strong>&nbsp;no solo deja estad\u00edsticas y campeonatos, sino una herencia de sabidur\u00eda t\u00e1ctica, liderazgo silencioso y una forma ejemplar de entender y vivir el&nbsp;<strong>deporte<\/strong>. Su legado en Rayados, sin duda, ser\u00e1 eterno.<\/p>\n\n\n\n<h2 class=\"wp-block-heading\">Vucetich y sus logros como DT de Rayados<\/h2>\n\n\n\n<p>Durante sus dos etapas como t\u00e9cnico de&nbsp;<strong>Rayados de Monterrey<\/strong>&nbsp;(2009-2013 y 2022-2023),&nbsp;<strong>Vucetich<\/strong>&nbsp;consigui\u00f3 un total de 6 t\u00edtulos oficiales.<\/p>\n\n\n\n<ul class=\"wp-block-list\">\n<li>Campe\u00f3n de&nbsp;<strong>Liga MX<\/strong>&nbsp;en el Apertura 2009 y Apertura 2010<\/li>\n\n\n\n<li>Campe\u00f3n del&nbsp;<strong>InterLiga<\/strong>&nbsp;en 2010<\/li>\n\n\n\n<li>Campe\u00f3n de la&nbsp;<strong>Concacaf Liga de Campeones<\/strong>&nbsp;en 2010-11, 2011-12 y 2012-13<\/li>\n\n\n\n<li>Adem\u00e1s, logr\u00f3 el tercer lugar en el&nbsp;<strong>Mundial de Clubes 2012<\/strong>, el mejor resultado internacional de Rayados hasta ese momento.<\/li>\n<\/ul>\n<div class='share-to-whatsapp-wrapper'><div class='share-on-whsp'>Share on: <\/div><a data-text='V\u00edctor Manuel Vucetich pone fin a su carrera como entrenador' data-link='https:\/\/portaltactica.com\/?p=96362' class='whatsapp-button whatsapp-share'>WhatsApp<\/a><div class='clear '><\/div><\/div>","protected":false},"excerpt":{"rendered":"<p>Despu\u00e9s de una brillante y extensa trayectoria en los banquillos del futbol mexicano,&nbsp;V\u00edctor Manuel Vucetich&nbsp;ha decidido poner punto final a su&hellip;<\/p>\n","protected":false},"author":2,"featured_media":96363,"comment_status":"closed","ping_status":"closed","sticky":false,"template":"","format":"standard","meta":{"advanced_seo_description":"","jetpack_seo_html_title":"","jetpack_seo_noindex":false,"_jetpack_memberships_contains_paid_content":false,"footnotes":"","jetpack_publicize_message":"","jetpack_publicize_feature_enabled":true,"jetpack_social_post_already_shared":true,"jetpack_social_options":{"image_generator_settings":{"template":"highway","default_image_id":0,"font":"","enabled":false},"version":2}},"categories":[1897],"tags":[],"class_list":["post-96362","post","type-post","status-publish","format-standard","has-post-thumbnail","hentry","category-destacado-nacional"],"jetpack_publicize_connections":[],"jetpack_featured_media_url":"https:\/\/portaltactica.com\/wp-content\/uploads\/2025\/07\/5-11.jpg","jetpack_sharing_enabled":true,"_links":{"self":[{"href":"https:\/\/portaltactica.com\/index.php?rest_route=\/wp\/v2\/posts\/96362","targetHints":{"allow":["GET"]}}],"collection":[{"href":"https:\/\/portaltactica.com\/index.php?rest_route=\/wp\/v2\/posts"}],"about":[{"href":"https:\/\/portaltactica.com\/index.php?rest_route=\/wp\/v2\/types\/post"}],"author":[{"embeddable":true,"href":"https:\/\/portaltactica.com\/index.php?rest_route=\/wp\/v2\/users\/2"}],"replies":[{"embeddable":true,"href":"https:\/\/portaltactica.com\/index.php?rest_route=%2Fwp%2Fv2%2Fcomments&post=96362"}],"version-history":[{"count":2,"href":"https:\/\/portaltactica.com\/index.php?rest_route=\/wp\/v2\/posts\/96362\/revisions"}],"predecessor-version":[{"id":96366,"href":"https:\/\/portaltactica.com\/index.php?rest_route=\/wp\/v2\/posts\/96362\/revisions\/96366"}],"wp:featuredmedia":[{"embeddable":true,"href":"https:\/\/portaltactica.com\/index.php?rest_route=\/wp\/v2\/media\/96363"}],"wp:attachment":[{"href":"https:\/\/portaltactica.com\/index.php?rest_route=%2Fwp%2Fv2%2Fmedia&parent=96362"}],"wp:term":[{"taxonomy":"category","embeddable":true,"href":"https:\/\/portaltactica.com\/index.php?rest_route=%2Fwp%2Fv2%2Fcategories&post=96362"},{"taxonomy":"post_tag","embeddable":true,"href":"https:\/\/portaltactica.com\/index.php?rest_route=%2Fwp%2Fv2%2Ftags&post=96362"}],"curies":[{"name":"wp","href":"https:\/\/api.w.org\/{rel}","templated":true}]}}