{"id":96356,"date":"2025-07-22T09:14:15","date_gmt":"2025-07-22T16:14:15","guid":{"rendered":"https:\/\/portaltactica.com\/?p=96356"},"modified":"2025-07-22T09:14:18","modified_gmt":"2025-07-22T16:14:18","slug":"endrick-baja-para-el-inicio-de-temporada-del-real-madrid-tras-nueva-molestia-fisica","status":"publish","type":"post","link":"https:\/\/portaltactica.com\/?p=96356","title":{"rendered":"Endrick, baja para el inicio de temporada del Real Madrid tras nueva molestia f\u00edsica"},"content":{"rendered":"\n<p>La joven promesa brasile\u00f1a sigue sin despuntar. Cuando en diciembre de 2022\u00a0<strong>Real Madrid<\/strong>\u00a0confirm\u00f3 el fichaje de\u00a0<strong>Endrick<\/strong>\u00a0se generaron altas expectativas en torneo a la joya de\u00a0<strong>Palmeiras<\/strong>, que se integr\u00f3 de lleno al conjunto blanco en 2024, ya con 18 a\u00f1os.<\/p>\n\n\n\n<p>Sin embargo, en su primera temporada con los Merengues el originario de Taguatinga tuvo poca relevancia. Incluso tras el\u00a0<strong>Mundial de Clubes<\/strong>\u00a0se lleg\u00f3 a especular sobre su salida en el mercado de fichajes. Y aunque por ahora el jugador continuar\u00e1 en el equipo blanco, no tendr\u00e1 actividad en el inicio de temporada de\u00a0<strong>LaLiga<\/strong>.<\/p>\n\n\n\n<h2 class=\"wp-block-heading\">Endrick recae en su lesi\u00f3n con Real Madrid&nbsp;<\/h2>\n\n\n\n<p>El brasile\u00f1o de 19 a\u00f1os ha tenido problemas en los isquiotibiales en \u00faltimos meses y por ello no pudo jugar el final de la Temporada 2024-25 en LaLiga ni el Mundial de Clubes. Su \u00faltimo juego fue ante&nbsp;<strong>Sevilla<\/strong>&nbsp;el 18 de mayo y aunque estuvo en la concentraci\u00f3n para el torneo de la&nbsp;<strong>FIFA<\/strong>, no sum\u00f3 minutos por un problema en el tend\u00f3n de la corva.&nbsp;<\/p>\n\n\n\n<p>Ahora, seg\u00fan ESPN, Endrick sufri\u00f3 un nuevo rev\u00e9s y estar\u00e1 fuera de actividad entre ocho y diez semanas, ya que empezar\u00e1 su recuperaci\u00f3n desde cero. Con ello, estar\u00eda de regreso alrededor de septiembre.&nbsp;<\/p>\n\n\n\n<h2 class=\"wp-block-heading\">\u00bfQu\u00e9 partidos se perder\u00e1 Endrick con Real Madrid?&nbsp;<\/h2>\n\n\n\n<p>Seg\u00fan los reportes, el atacante brasile\u00f1o estar\u00e1 de regreso a mediados de septiembre, por lo que al menos se perder\u00f1a los cuatro primeros juegos de LaLiga, cuando los Merengues enfrenten a&nbsp;<strong>Osasuna, Real Oviedo<\/strong>,&nbsp;<strong>Real Mallorca<\/strong>&nbsp;y&nbsp;<strong>Real Sociedad<\/strong>.&nbsp;<\/p>\n\n\n\n<p>De igual forma, estar\u00e1 ausente para el primer par\u00f3n por&nbsp;<strong>Fecha FIFA<\/strong>&nbsp;en la temporada, cuando la&nbsp;<strong>Selecci\u00f3n de Brasil<\/strong>&nbsp;se enfrente a&nbsp;<strong>Chile y Bolivia<\/strong>, en la pen\u00faltima y \u00faltima jornada de la&nbsp;<strong>Eliminatoria Conmebol<\/strong>&nbsp;rumbo a la&nbsp;<strong>Copa Mundial de 2026.<\/strong><\/p>\n<div class='share-to-whatsapp-wrapper'><div class='share-on-whsp'>Share on: <\/div><a data-text='Endrick, baja para el inicio de temporada del Real Madrid tras nueva molestia f\u00edsica' data-link='https:\/\/portaltactica.com\/?p=96356' class='whatsapp-button whatsapp-share'>WhatsApp<\/a><div class='clear '><\/div><\/div>","protected":false},"excerpt":{"rendered":"<p>La joven promesa brasile\u00f1a sigue sin despuntar. Cuando en diciembre de 2022\u00a0Real Madrid\u00a0confirm\u00f3 el fichaje de\u00a0Endrick\u00a0se generaron altas expectativas en torneo&hellip;<\/p>\n","protected":false},"author":2,"featured_media":96357,"comment_status":"closed","ping_status":"closed","sticky":false,"template":"","format":"standard","meta":{"advanced_seo_description":"","jetpack_seo_html_title":"","jetpack_seo_noindex":false,"_jetpack_memberships_contains_paid_content":false,"footnotes":"","jetpack_publicize_message":"","jetpack_publicize_feature_enabled":true,"jetpack_social_post_already_shared":true,"jetpack_social_options":{"image_generator_settings":{"template":"highway","default_image_id":0,"font":"","enabled":false},"version":2}},"categories":[6],"tags":[],"class_list":["post-96356","post","type-post","status-publish","format-standard","has-post-thumbnail","hentry","category-internacional"],"jetpack_publicize_connections":[],"jetpack_featured_media_url":"https:\/\/portaltactica.com\/wp-content\/uploads\/2025\/07\/3-12.jpg","jetpack_sharing_enabled":true,"_links":{"self":[{"href":"https:\/\/portaltactica.com\/index.php?rest_route=\/wp\/v2\/posts\/96356","targetHints":{"allow":["GET"]}}],"collection":[{"href":"https:\/\/portaltactica.com\/index.php?rest_route=\/wp\/v2\/posts"}],"about":[{"href":"https:\/\/portaltactica.com\/index.php?rest_route=\/wp\/v2\/types\/post"}],"author":[{"embeddable":true,"href":"https:\/\/portaltactica.com\/index.php?rest_route=\/wp\/v2\/users\/2"}],"replies":[{"embeddable":true,"href":"https:\/\/portaltactica.com\/index.php?rest_route=%2Fwp%2Fv2%2Fcomments&post=96356"}],"version-history":[{"count":1,"href":"https:\/\/portaltactica.com\/index.php?rest_route=\/wp\/v2\/posts\/96356\/revisions"}],"predecessor-version":[{"id":96358,"href":"https:\/\/portaltactica.com\/index.php?rest_route=\/wp\/v2\/posts\/96356\/revisions\/96358"}],"wp:featuredmedia":[{"embeddable":true,"href":"https:\/\/portaltactica.com\/index.php?rest_route=\/wp\/v2\/media\/96357"}],"wp:attachment":[{"href":"https:\/\/portaltactica.com\/index.php?rest_route=%2Fwp%2Fv2%2Fmedia&parent=96356"}],"wp:term":[{"taxonomy":"category","embeddable":true,"href":"https:\/\/portaltactica.com\/index.php?rest_route=%2Fwp%2Fv2%2Fcategories&post=96356"},{"taxonomy":"post_tag","embeddable":true,"href":"https:\/\/portaltactica.com\/index.php?rest_route=%2Fwp%2Fv2%2Ftags&post=96356"}],"curies":[{"name":"wp","href":"https:\/\/api.w.org\/{rel}","templated":true}]}}