{"id":96328,"date":"2025-07-21T12:03:07","date_gmt":"2025-07-21T19:03:07","guid":{"rendered":"https:\/\/portaltactica.com\/?p=96328"},"modified":"2025-07-21T12:03:10","modified_gmt":"2025-07-21T19:03:10","slug":"oficial-richard-rios-ex-mazatlan-se-suma-al-benfica","status":"publish","type":"post","link":"https:\/\/portaltactica.com\/?p=96328","title":{"rendered":"\u00a1Oficial! Richard R\u00edos, ex Mazatl\u00e1n, se suma al Benfica"},"content":{"rendered":"\n<p><strong>Richard R\u00edos<\/strong>, futbolista colombiano de 25 a\u00f1os, se convirti\u00f3 oficialmente en el nuevo refuerzo del\u00a0<strong>Benfica de Portugal<\/strong>. Seg\u00fan reportes el club luso pag\u00f3 alrededor de 28 millones de euros por el mediocampista que milit\u00f3 en el\u00a0<strong>Palmeiras<\/strong>\u00a0y alguna vez en el\u00a0<strong>Mazatl\u00e1n<\/strong>.<\/p>\n\n\n\n<p>R\u00edos se despidi\u00f3 este domingo del equipo brasile\u00f1o en medio de aplausos durante el juego contra el Atl\u00e9tico Mineiro en el Allianz Parque, juego en el que ya no tuvo actividad. El mediocampista dej\u00f3 un legado de 138 partidos en los que anot\u00f3 11 goles y consigui\u00f3 dos t\u00edtulos con el combinado palmeirense.<\/p>\n\n\n\n<p>Uno de los beneficiados de este acuerdo fue el Flamengo y el Guaran\u00ed , clubes en los que tambi\u00e9n jug\u00f3 R\u00edos y las cl\u00e1usulas de futuras ventas del jugador dejan al Palmeiras con el 70 % de la totalidad de la venta.<\/p>\n\n\n\n<h2 class=\"wp-block-heading\">Fichaje ca\u00eddo de la Roma<\/h2>\n\n\n\n<p>Los rumores de una posible llegada del colombiano a la Roma eran muy intensos, sin embargo, fue el Benfica quien termin\u00f3 poniendo m\u00e1s dinero para incorporar al mediocampista a sus filas.<\/p>\n\n\n\n<p>Compartir\u00e1 vestuario con futbolistas como Nicolas Otamendi, Florentino Luis y Vangelis Pavlidis.<\/p>\n\n\n\n<h2 class=\"wp-block-heading\">Richard R\u00edos no brill\u00f3 en Mazatl\u00e1n&nbsp;<\/h2>\n\n\n\n<p>El jugador colombiano lleg\u00f3 en el Apertura 2021 para reforzar a los ca\u00f1oneros, sin embargo, las constantes lesiones del jugador limitaron su estancia en el club a tan solo nueve partidos en los que no pudo contribuir con goles ni asistencias.<\/p>\n<div class='share-to-whatsapp-wrapper'><div class='share-on-whsp'>Share on: <\/div><a data-text='\u00a1Oficial! Richard R\u00edos, ex Mazatl\u00e1n, se suma al Benfica' data-link='https:\/\/portaltactica.com\/?p=96328' class='whatsapp-button whatsapp-share'>WhatsApp<\/a><div class='clear '><\/div><\/div>","protected":false},"excerpt":{"rendered":"<p>Richard R\u00edos, futbolista colombiano de 25 a\u00f1os, se convirti\u00f3 oficialmente en el nuevo refuerzo del\u00a0Benfica de Portugal. Seg\u00fan reportes el club&hellip;<\/p>\n","protected":false},"author":2,"featured_media":96329,"comment_status":"closed","ping_status":"closed","sticky":false,"template":"","format":"standard","meta":{"advanced_seo_description":"","jetpack_seo_html_title":"","jetpack_seo_noindex":false,"_jetpack_memberships_contains_paid_content":false,"footnotes":"","jetpack_publicize_message":"","jetpack_publicize_feature_enabled":true,"jetpack_social_post_already_shared":true,"jetpack_social_options":{"image_generator_settings":{"template":"highway","default_image_id":0,"font":"","enabled":false},"version":2}},"categories":[6],"tags":[],"class_list":["post-96328","post","type-post","status-publish","format-standard","has-post-thumbnail","hentry","category-internacional"],"jetpack_publicize_connections":[],"jetpack_featured_media_url":"https:\/\/portaltactica.com\/wp-content\/uploads\/2025\/07\/5-5.png","jetpack_sharing_enabled":true,"_links":{"self":[{"href":"https:\/\/portaltactica.com\/index.php?rest_route=\/wp\/v2\/posts\/96328","targetHints":{"allow":["GET"]}}],"collection":[{"href":"https:\/\/portaltactica.com\/index.php?rest_route=\/wp\/v2\/posts"}],"about":[{"href":"https:\/\/portaltactica.com\/index.php?rest_route=\/wp\/v2\/types\/post"}],"author":[{"embeddable":true,"href":"https:\/\/portaltactica.com\/index.php?rest_route=\/wp\/v2\/users\/2"}],"replies":[{"embeddable":true,"href":"https:\/\/portaltactica.com\/index.php?rest_route=%2Fwp%2Fv2%2Fcomments&post=96328"}],"version-history":[{"count":1,"href":"https:\/\/portaltactica.com\/index.php?rest_route=\/wp\/v2\/posts\/96328\/revisions"}],"predecessor-version":[{"id":96330,"href":"https:\/\/portaltactica.com\/index.php?rest_route=\/wp\/v2\/posts\/96328\/revisions\/96330"}],"wp:featuredmedia":[{"embeddable":true,"href":"https:\/\/portaltactica.com\/index.php?rest_route=\/wp\/v2\/media\/96329"}],"wp:attachment":[{"href":"https:\/\/portaltactica.com\/index.php?rest_route=%2Fwp%2Fv2%2Fmedia&parent=96328"}],"wp:term":[{"taxonomy":"category","embeddable":true,"href":"https:\/\/portaltactica.com\/index.php?rest_route=%2Fwp%2Fv2%2Fcategories&post=96328"},{"taxonomy":"post_tag","embeddable":true,"href":"https:\/\/portaltactica.com\/index.php?rest_route=%2Fwp%2Fv2%2Ftags&post=96328"}],"curies":[{"name":"wp","href":"https:\/\/api.w.org\/{rel}","templated":true}]}}