{"id":96322,"date":"2025-07-21T10:38:00","date_gmt":"2025-07-21T17:38:00","guid":{"rendered":"https:\/\/portaltactica.com\/?p=96322"},"modified":"2025-07-21T10:38:03","modified_gmt":"2025-07-21T17:38:03","slug":"que-se-vaya-keylor-navas-es-blanco-de-criticas-ante-inminente-fichaje-con-pumas","status":"publish","type":"post","link":"https:\/\/portaltactica.com\/?p=96322","title":{"rendered":"\u201cQue se vaya\u201d: Keylor Navas es blanco de cr\u00edticas ante inminente fichaje con Pumas"},"content":{"rendered":"\n<p>La novela de\u00a0<strong>Keylor Navas<\/strong>\u00a0con\u00a0<strong>Pumas<\/strong>\u00a0contin\u00faa y todo apunta a que en los pr\u00f3ximos d\u00edas se har\u00e1 oficial su llegada al\u00a0<strong>Club Universidad<\/strong>, sin embargo, el portero tico llegar\u00e1 a Pumas en medio de un ambiente hostil, lleno de criticas y se\u00f1alamientos de parte de los aficionados de\u00a0<strong>Newell\u2019s.<\/strong><\/p>\n\n\n\n<p>Antes de que se anunciara su baja de la convocatoria de&nbsp;<strong>Newell\u2019s<\/strong>&nbsp;para el duelo contra&nbsp;<strong>Banfield<\/strong>, aficionados de&nbsp;<strong>La Lepra<\/strong>&nbsp;aprovecharon el calentamiento para encarar a&nbsp;<strong>Keylor Navas&nbsp;<\/strong>y pedirle respeto a la instituci\u00f3n.<\/p>\n\n\n\n<blockquote class=\"wp-block-quote is-layout-flow wp-block-quote-is-layout-flow\">\n<p>\u201cPed\u00ed disculpas que&nbsp;<strong>esto es Newell\u2019s\u201d<\/strong><br>\u201cNo te confundas Keylor,&nbsp;<strong>no est\u00e1s en Costa Rica\u201d<\/strong><br>\u201cLa con\u2026 de tu her\u2026\u201d<\/p>\n<\/blockquote>\n\n\n\n<h2 class=\"wp-block-heading\">Keylor atacado en redes sociales<\/h2>\n\n\n\n<p>Los insultos y se\u00f1alamientos no solo se dieron en las gradas de La Lepra, en redes sociales la conversaci\u00f3n lleva d\u00edas siendo tendencia en Argentina, donde tachan de poco profesional a Keylor Navas por querer marcharse de Newell\u2019s a medio a\u00f1o de llegar al equipo.<\/p>\n\n\n\n<blockquote class=\"wp-block-quote is-layout-flow wp-block-quote-is-layout-flow\">\n<p>\u201cUna&nbsp;<strong>falta de profesionalismo&nbsp;<\/strong>tan grande\u201d<br>\u201cLa<strong>&nbsp;decepci\u00f3n es enorme<\/strong>, que se vaya\u201d<br>\u201cEl que no quiera estar&nbsp;<strong>que se vaya\u201d<\/strong><\/p>\n<\/blockquote>\n\n\n\n<h2 class=\"wp-block-heading\">Keylor Navas guarda silencio<\/h2>\n\n\n\n<p>Hasta el momento Keylor Navas ha aguantado los insultos y malos comentarios recibidos en Argentina sin hacer ni un solo comentario al respecto y se espera que su fichaje con el Clubb Universidad se concrete en las pr\u00f3ximas horas.<\/p>\n\n\n\n<p><\/p>\n<div class='share-to-whatsapp-wrapper'><div class='share-on-whsp'>Share on: <\/div><a data-text='\u201cQue se vaya\u201d: Keylor Navas es blanco de cr\u00edticas ante inminente fichaje con Pumas' data-link='https:\/\/portaltactica.com\/?p=96322' class='whatsapp-button whatsapp-share'>WhatsApp<\/a><div class='clear '><\/div><\/div>","protected":false},"excerpt":{"rendered":"<p>La novela de\u00a0Keylor Navas\u00a0con\u00a0Pumas\u00a0contin\u00faa y todo apunta a que en los pr\u00f3ximos d\u00edas se har\u00e1 oficial su llegada al\u00a0Club Universidad, sin&hellip;<\/p>\n","protected":false},"author":2,"featured_media":96323,"comment_status":"closed","ping_status":"closed","sticky":false,"template":"","format":"standard","meta":{"advanced_seo_description":"","jetpack_seo_html_title":"","jetpack_seo_noindex":false,"_jetpack_memberships_contains_paid_content":false,"footnotes":"","jetpack_publicize_message":"","jetpack_publicize_feature_enabled":true,"jetpack_social_post_already_shared":true,"jetpack_social_options":{"image_generator_settings":{"template":"highway","default_image_id":0,"font":"","enabled":false},"version":2}},"categories":[1897,1896],"tags":[],"class_list":["post-96322","post","type-post","status-publish","format-standard","has-post-thumbnail","hentry","category-destacado-nacional","category-destacado-portada"],"jetpack_publicize_connections":[],"jetpack_featured_media_url":"https:\/\/portaltactica.com\/wp-content\/uploads\/2025\/07\/3-11.jpg","jetpack_sharing_enabled":true,"_links":{"self":[{"href":"https:\/\/portaltactica.com\/index.php?rest_route=\/wp\/v2\/posts\/96322","targetHints":{"allow":["GET"]}}],"collection":[{"href":"https:\/\/portaltactica.com\/index.php?rest_route=\/wp\/v2\/posts"}],"about":[{"href":"https:\/\/portaltactica.com\/index.php?rest_route=\/wp\/v2\/types\/post"}],"author":[{"embeddable":true,"href":"https:\/\/portaltactica.com\/index.php?rest_route=\/wp\/v2\/users\/2"}],"replies":[{"embeddable":true,"href":"https:\/\/portaltactica.com\/index.php?rest_route=%2Fwp%2Fv2%2Fcomments&post=96322"}],"version-history":[{"count":1,"href":"https:\/\/portaltactica.com\/index.php?rest_route=\/wp\/v2\/posts\/96322\/revisions"}],"predecessor-version":[{"id":96324,"href":"https:\/\/portaltactica.com\/index.php?rest_route=\/wp\/v2\/posts\/96322\/revisions\/96324"}],"wp:featuredmedia":[{"embeddable":true,"href":"https:\/\/portaltactica.com\/index.php?rest_route=\/wp\/v2\/media\/96323"}],"wp:attachment":[{"href":"https:\/\/portaltactica.com\/index.php?rest_route=%2Fwp%2Fv2%2Fmedia&parent=96322"}],"wp:term":[{"taxonomy":"category","embeddable":true,"href":"https:\/\/portaltactica.com\/index.php?rest_route=%2Fwp%2Fv2%2Fcategories&post=96322"},{"taxonomy":"post_tag","embeddable":true,"href":"https:\/\/portaltactica.com\/index.php?rest_route=%2Fwp%2Fv2%2Ftags&post=96322"}],"curies":[{"name":"wp","href":"https:\/\/api.w.org\/{rel}","templated":true}]}}