{"id":96282,"date":"2025-07-19T10:07:57","date_gmt":"2025-07-19T17:07:57","guid":{"rendered":"https:\/\/portaltactica.com\/?p=96282"},"modified":"2025-07-19T10:08:00","modified_gmt":"2025-07-19T17:08:00","slug":"excluido-santiago-gimenez-no-aparece-en-la-lista-de-milan-para-la-pretemporada","status":"publish","type":"post","link":"https:\/\/portaltactica.com\/?p=96282","title":{"rendered":"\u00bfExcluido? Santiago Gim\u00e9nez no aparece en la lista de Milan para la pretemporada"},"content":{"rendered":"\n<p>La temporada 2025\/26 del futbol europeo est\u00e1 por comenzar, y los equipos de las grandes ligas ya afinan detalles en sus respectivas pretemporadas. En la\u00a0<strong>Serie A<\/strong>, uno de los clubes que busca redimirse tras una campa\u00f1a decepcionante es el\u00a0<strong>AC Milan<\/strong>, donde milita el delantero mexicano\u00a0<strong>Santiago Gim\u00e9nez<\/strong>.<\/p>\n\n\n\n<h2 class=\"wp-block-heading\">Santiago Gim\u00e9nez no aparece en la lista de convocados del Milan<\/h2>\n\n\n\n<p>El conjunto&nbsp;<strong>Rossonero<\/strong>&nbsp;dio a conocer su lista de jugadores convocados para su gira de pretemporada en Asia, donde disputar\u00e1n tres amistosos internacionales frente al&nbsp;<strong>Liverpool<\/strong>,&nbsp;<strong>Arsenal<\/strong>&nbsp;y&nbsp;<strong>Perth Glory<\/strong>, todos en&nbsp;<strong>Singapur<\/strong>.<\/p>\n\n\n\n<p>La sorpresa lleg\u00f3 con la ausencia de Santiago Gim\u00e9nez en la convocatoria, lo que de inmediato gener\u00f3 dudas entre los aficionados. Sin embargo, se ha confirmado que la baja del atacante mexicano&nbsp;<strong>no se debe a una lesi\u00f3n ni a una decisi\u00f3n t\u00e9cnica<\/strong>, sino a que&nbsp;<strong>a\u00fan se encuentra de vacaciones<\/strong>&nbsp;tras haber concluido compromisos anteriores con Selecci\u00f3n y club.<\/p>\n\n\n\n<h2 class=\"wp-block-heading\">\u00bfCu\u00e1ndo se reincorporar\u00e1 &#8216;Chaquito&#8217; al AC Milan?<\/h2>\n\n\n\n<p>Aunque el club no ha dado una fecha exacta para su regreso,&nbsp;<strong>se espera que Gim\u00e9nez se reintegre al plantel en las pr\u00f3ximas semanas<\/strong>&nbsp;para sumarse a la preparaci\u00f3n de cara al arranque oficial de la temporada en agosto. Su incorporaci\u00f3n ser\u00e1 clave para un Milan que busca mejorar su rendimiento ofensivo tras un a\u00f1o sin t\u00edtulos importantes.<\/p>\n\n\n\n<h2 class=\"wp-block-heading\">AC Milan prepara una gira exigente en Singapur<\/h2>\n\n\n\n<p>Los tres duelos ante clubes de talla internacional ser\u00e1n una buena oportunidad para que el t\u00e9cnico eval\u00fae nuevas piezas y estrategias. Aunque el equipo no contar\u00e1 con su flamante delantero mexicano en esta gira, se espera que&nbsp;<strong>&#8216;Chaquito&#8217; tenga un rol protag\u00f3nico<\/strong>&nbsp;durante la campa\u00f1a 2025\/26.<\/p>\n\n\n\n<p><\/p>\n<div class='share-to-whatsapp-wrapper'><div class='share-on-whsp'>Share on: <\/div><a data-text='\u00bfExcluido? Santiago Gim\u00e9nez no aparece en la lista de Milan para la pretemporada' data-link='https:\/\/portaltactica.com\/?p=96282' class='whatsapp-button whatsapp-share'>WhatsApp<\/a><div class='clear '><\/div><\/div>","protected":false},"excerpt":{"rendered":"<p>La temporada 2025\/26 del futbol europeo est\u00e1 por comenzar, y los equipos de las grandes ligas ya afinan detalles en sus&hellip;<\/p>\n","protected":false},"author":2,"featured_media":96283,"comment_status":"closed","ping_status":"closed","sticky":false,"template":"","format":"standard","meta":{"advanced_seo_description":"","jetpack_seo_html_title":"","jetpack_seo_noindex":false,"_jetpack_memberships_contains_paid_content":false,"footnotes":"","jetpack_publicize_message":"","jetpack_publicize_feature_enabled":true,"jetpack_social_post_already_shared":true,"jetpack_social_options":{"image_generator_settings":{"template":"highway","default_image_id":0,"font":"","enabled":false},"version":2}},"categories":[1896],"tags":[],"class_list":["post-96282","post","type-post","status-publish","format-standard","has-post-thumbnail","hentry","category-destacado-portada"],"jetpack_publicize_connections":[],"jetpack_featured_media_url":"https:\/\/portaltactica.com\/wp-content\/uploads\/2025\/07\/4-12.jpg","jetpack_sharing_enabled":true,"_links":{"self":[{"href":"https:\/\/portaltactica.com\/index.php?rest_route=\/wp\/v2\/posts\/96282","targetHints":{"allow":["GET"]}}],"collection":[{"href":"https:\/\/portaltactica.com\/index.php?rest_route=\/wp\/v2\/posts"}],"about":[{"href":"https:\/\/portaltactica.com\/index.php?rest_route=\/wp\/v2\/types\/post"}],"author":[{"embeddable":true,"href":"https:\/\/portaltactica.com\/index.php?rest_route=\/wp\/v2\/users\/2"}],"replies":[{"embeddable":true,"href":"https:\/\/portaltactica.com\/index.php?rest_route=%2Fwp%2Fv2%2Fcomments&post=96282"}],"version-history":[{"count":1,"href":"https:\/\/portaltactica.com\/index.php?rest_route=\/wp\/v2\/posts\/96282\/revisions"}],"predecessor-version":[{"id":96284,"href":"https:\/\/portaltactica.com\/index.php?rest_route=\/wp\/v2\/posts\/96282\/revisions\/96284"}],"wp:featuredmedia":[{"embeddable":true,"href":"https:\/\/portaltactica.com\/index.php?rest_route=\/wp\/v2\/media\/96283"}],"wp:attachment":[{"href":"https:\/\/portaltactica.com\/index.php?rest_route=%2Fwp%2Fv2%2Fmedia&parent=96282"}],"wp:term":[{"taxonomy":"category","embeddable":true,"href":"https:\/\/portaltactica.com\/index.php?rest_route=%2Fwp%2Fv2%2Fcategories&post=96282"},{"taxonomy":"post_tag","embeddable":true,"href":"https:\/\/portaltactica.com\/index.php?rest_route=%2Fwp%2Fv2%2Ftags&post=96282"}],"curies":[{"name":"wp","href":"https:\/\/api.w.org\/{rel}","templated":true}]}}