{"id":96256,"date":"2025-07-18T10:35:57","date_gmt":"2025-07-18T17:35:57","guid":{"rendered":"https:\/\/portaltactica.com\/?p=96256"},"modified":"2025-07-18T10:36:00","modified_gmt":"2025-07-18T17:36:00","slug":"quien-es-rui-patricio-el-arquero-que-suena-para-pumas-tras-frustrarse-el-fichaje-de-navas","status":"publish","type":"post","link":"https:\/\/portaltactica.com\/?p=96256","title":{"rendered":"\u00bfQui\u00e9n es Rui Patr\u00edcio? El arquero que suena para Pumas tras frustrarse el fichaje de Navas"},"content":{"rendered":"\n<p>Tras un mal debut de<strong>\u00a0Rodrigo Parra<\/strong>, la lesi\u00f3n de\u00a0<strong>Pablo Lara<\/strong>\u00a0y la salida de\u00a0<strong>Alex Padilla<\/strong>,\u00a0<strong>Pumas<\/strong>\u00a0busca un referente en la porter\u00eda. La primera opci\u00f3n fue la leyenda\u00a0<strong>Keylor Navas<\/strong>,\u00a0arquero que brill\u00f3 con\u00a0<strong>Real Madrid<\/strong>\u00a0en Europa, sin embargo, su alto costo de salida de tres millones de d\u00f3lares, hicieron que el fichaje fuera inviable para Universidad Nacional.<\/p>\n\n\n\n<p>Ante la negativa de La Lepra en soltar al arquero costarricense, el rumor de la llegada de<strong>&nbsp;Rui Patr\u00edcio al Pedregal creci\u00f3 con creces.<\/strong>&nbsp;El portero lusitano, ahora es la opci\u00f3n n\u00famero uno para cubrir la tan complicada y llena de historia porter\u00eda de Universidad Nacional, que a\u00f1ora un \u00eddolo como los de anta\u00f1o.<\/p>\n\n\n\n<h2 class=\"wp-block-heading\">Consagraci\u00f3n con Portugal<\/h2>\n\n\n\n<p><strong>Cristiano Ronaldo&nbsp;<\/strong>se llev\u00f3 los reflectores de una selecci\u00f3n que hist\u00f3ricamente fue perdedora, aunque no fue el \u00fanico h\u00e9roe luso. Rui Patr\u00edcio fue una pieza importante en dos de los tres t\u00edtulos oficiales de Portugal, siendo una figura destacada en la&nbsp;<strong>Gran Final de la Eurocopa 2016<\/strong>, en la que ataj\u00f3 todo a la Selecci\u00f3n Francesa.<\/p>\n\n\n\n<p>De igual forma, Rui jug\u00f3 varios Mundiales, aunque solamente pas\u00f3 a Cuartos de Final en una ocasi\u00f3n, en&nbsp;<strong>Qatar 2022<\/strong>. Sin embargo, en esa Copa del Mundo, Patr\u00edcio vio actividad desde la banca.<\/p>\n\n\n\n<h2 class=\"wp-block-heading\">Rui Patr\u00edcio: de Leiria a Emiratos \u00c1rabes<\/h2>\n\n\n\n<p>El destino hab\u00eda predestinado que aquel joven solo tuviera que cruzar unos cuantos kil\u00f3metros desde su ciudad natal Leiria a Lisboa. Fue en la capital portuguesa en que Patr\u00edcio mostr\u00f3 sus dotes y se hizo arquero del club de su infancia,&nbsp;<strong>Sporting de Lisboa<\/strong>. Fue en el equipo luso en donde Rui se consolid\u00f3 como un guardameta efectivo, pues su 1.90 de estatura lo respalda.<\/p>\n\n\n\n<p>En Portugal fue figura de su equipo, aunque nunca pudo ganar alg\u00fan t\u00edtulo internacional, pero s\u00ed se consolid\u00f3 a nivel selecci\u00f3n. Patr\u00edcio tom\u00f3 el arco que dej\u00f3 vacante&nbsp;<strong>Ricardo Pereira&nbsp;<\/strong>a nivel clubes, quien fue uno de sus m\u00e1s grandes rivales y amigos dentro del balompi\u00e9 lusitano.<\/p>\n\n\n\n<p>Tras su gran momento en Sporting y en la selecci\u00f3n lusa, Rui emigr\u00f3 tras el Mundial de 2018 a otro futbol: el ingl\u00e9s. En Inglaterra jug\u00f3 con&nbsp;<strong>Ra\u00fal Jim\u00e9nez<\/strong>&nbsp;en&nbsp;<strong>Wolverhampton<\/strong>; para despu\u00e9s dar un paso a la&nbsp;<strong>Roma<\/strong>&nbsp;y&nbsp;<strong>Atalanta<\/strong>; y terminar con&nbsp;<strong>Al-Ain<\/strong>, de los Emiratos \u00c1rabes Unidos.<\/p>\n\n\n\n<p><\/p>\n<div class='share-to-whatsapp-wrapper'><div class='share-on-whsp'>Share on: <\/div><a data-text='\u00bfQui\u00e9n es Rui Patr\u00edcio? El arquero que suena para Pumas tras frustrarse el fichaje de Navas' data-link='https:\/\/portaltactica.com\/?p=96256' class='whatsapp-button whatsapp-share'>WhatsApp<\/a><div class='clear '><\/div><\/div>","protected":false},"excerpt":{"rendered":"<p>Tras un mal debut de\u00a0Rodrigo Parra, la lesi\u00f3n de\u00a0Pablo Lara\u00a0y la salida de\u00a0Alex Padilla,\u00a0Pumas\u00a0busca un referente en la porter\u00eda. La primera&hellip;<\/p>\n","protected":false},"author":2,"featured_media":96257,"comment_status":"closed","ping_status":"closed","sticky":false,"template":"","format":"standard","meta":{"advanced_seo_description":"","jetpack_seo_html_title":"","jetpack_seo_noindex":false,"_jetpack_memberships_contains_paid_content":false,"footnotes":"","jetpack_publicize_message":"","jetpack_publicize_feature_enabled":true,"jetpack_social_post_already_shared":true,"jetpack_social_options":{"image_generator_settings":{"template":"highway","default_image_id":0,"font":"","enabled":false},"version":2}},"categories":[1897],"tags":[],"class_list":["post-96256","post","type-post","status-publish","format-standard","has-post-thumbnail","hentry","category-destacado-nacional"],"jetpack_publicize_connections":[],"jetpack_featured_media_url":"https:\/\/portaltactica.com\/wp-content\/uploads\/2025\/07\/5-9.jpg","jetpack_sharing_enabled":true,"_links":{"self":[{"href":"https:\/\/portaltactica.com\/index.php?rest_route=\/wp\/v2\/posts\/96256","targetHints":{"allow":["GET"]}}],"collection":[{"href":"https:\/\/portaltactica.com\/index.php?rest_route=\/wp\/v2\/posts"}],"about":[{"href":"https:\/\/portaltactica.com\/index.php?rest_route=\/wp\/v2\/types\/post"}],"author":[{"embeddable":true,"href":"https:\/\/portaltactica.com\/index.php?rest_route=\/wp\/v2\/users\/2"}],"replies":[{"embeddable":true,"href":"https:\/\/portaltactica.com\/index.php?rest_route=%2Fwp%2Fv2%2Fcomments&post=96256"}],"version-history":[{"count":1,"href":"https:\/\/portaltactica.com\/index.php?rest_route=\/wp\/v2\/posts\/96256\/revisions"}],"predecessor-version":[{"id":96258,"href":"https:\/\/portaltactica.com\/index.php?rest_route=\/wp\/v2\/posts\/96256\/revisions\/96258"}],"wp:featuredmedia":[{"embeddable":true,"href":"https:\/\/portaltactica.com\/index.php?rest_route=\/wp\/v2\/media\/96257"}],"wp:attachment":[{"href":"https:\/\/portaltactica.com\/index.php?rest_route=%2Fwp%2Fv2%2Fmedia&parent=96256"}],"wp:term":[{"taxonomy":"category","embeddable":true,"href":"https:\/\/portaltactica.com\/index.php?rest_route=%2Fwp%2Fv2%2Fcategories&post=96256"},{"taxonomy":"post_tag","embeddable":true,"href":"https:\/\/portaltactica.com\/index.php?rest_route=%2Fwp%2Fv2%2Ftags&post=96256"}],"curies":[{"name":"wp","href":"https:\/\/api.w.org\/{rel}","templated":true}]}}