{"id":96253,"date":"2025-07-18T10:33:50","date_gmt":"2025-07-18T17:33:50","guid":{"rendered":"https:\/\/portaltactica.com\/?p=96253"},"modified":"2025-07-18T10:33:53","modified_gmt":"2025-07-18T17:33:53","slug":"confirmado-la-finalissima-entre-argentina-y-espana-ya-tiene-dia","status":"publish","type":"post","link":"https:\/\/portaltactica.com\/?p=96253","title":{"rendered":"Confirmado: la \u2018Finalissima\u2019 entre Argentina y Espa\u00f1a ya tiene d\u00eda"},"content":{"rendered":"\n<p>A menos de un a\u00f1o del arranque de la\u00a0<strong>Copa del Mundo 2026<\/strong>, pocas son las disputas internacionales que quedan por jugar, una de ellas es la \u2018<strong>Finalissima<\/strong>\u2019, juego que enfrenta al campe\u00f3n de la\u00a0<strong>Eurocopa<\/strong>\u00a0contra el campe\u00f3n de la\u00a0<strong>Copa Am\u00e9rica<\/strong>.<\/p>\n\n\n\n<h2 class=\"wp-block-heading\">Finalissima en 2026<\/h2>\n\n\n\n<p>Con informaci\u00f3n del Diario AS,\u00a0<strong>Rafael Louz\u00e1n<\/strong>, presidente de la\u00a0<strong>RFEF<\/strong>\u00a0y\u00a0<strong>Claudio Tapia<\/strong>, presidente de la\u00a0<strong>AFA<\/strong>, llegaron a un acuerdo para la disputa del partido. El juego entre la Selecci\u00f3n Espa\u00f1ola y la Selecci\u00f3n Argentina, se llevar\u00e1 a cabo durante la etapa de repechaje para el Mundial.<\/p>\n\n\n\n<p>Aunque a\u00fan no se tiene una fecha exacta, en base a los tiempos y la disponibilidad en el calendario futbol\u00edstico, la Finalissima se jugar\u00e1 en una posible fecha entre el 26 y el 31 de marzo.<\/p>\n\n\n\n<p>Una vez que se revele la fecha en que se jugar\u00e1 este hist\u00f3rico partido, tambi\u00e9n se dar\u00e1 a conocer la sede del mismo, que aunque a\u00fan no hay nada en concreto, pa\u00edses como&nbsp;<strong>Inglaterra<\/strong>,&nbsp;<strong>Qatar<\/strong>&nbsp;y&nbsp;<strong>Arabia Saudita<\/strong>, han levantado la mano para albergar este partido.<\/p>\n\n\n\n<h3 class=\"wp-block-heading\">Un \u00faltimo reto antes del Mundial<\/h3>\n\n\n\n<p>El juego entre Argentina y&nbsp;<strong>Espa\u00f1a<\/strong>&nbsp;no puede disputarse en las pr\u00f3ximas&nbsp;<strong>Fechas FIFA<\/strong>, ya que a partir de septiembre, la Roja iniciar\u00e1 su camino en las Eliminatorias de la&nbsp;<strong>UEFA<\/strong>&nbsp;para la Copa del Mundo.<\/p>\n\n\n\n<p>Por su parte, la actual campeona del mundo,&nbsp;<strong>Argentina<\/strong>, ya es una de las selecciones clasificadas por parte de la CONMEBOL, acompa\u00f1ada de las selecciones de&nbsp;<strong>Ecuador<\/strong>&nbsp;y&nbsp;<strong>Brasil<\/strong>.<\/p>\n\n\n\n<p><\/p>\n<div class='share-to-whatsapp-wrapper'><div class='share-on-whsp'>Share on: <\/div><a data-text='Confirmado: la \u2018Finalissima\u2019 entre Argentina y Espa\u00f1a ya tiene d\u00eda' data-link='https:\/\/portaltactica.com\/?p=96253' class='whatsapp-button whatsapp-share'>WhatsApp<\/a><div class='clear '><\/div><\/div>","protected":false},"excerpt":{"rendered":"<p>A menos de un a\u00f1o del arranque de la\u00a0Copa del Mundo 2026, pocas son las disputas internacionales que quedan por jugar,&hellip;<\/p>\n","protected":false},"author":2,"featured_media":96254,"comment_status":"closed","ping_status":"closed","sticky":false,"template":"","format":"standard","meta":{"advanced_seo_description":"","jetpack_seo_html_title":"","jetpack_seo_noindex":false,"_jetpack_memberships_contains_paid_content":false,"footnotes":"","jetpack_publicize_message":"","jetpack_publicize_feature_enabled":true,"jetpack_social_post_already_shared":true,"jetpack_social_options":{"image_generator_settings":{"template":"highway","default_image_id":0,"font":"","enabled":false},"version":2}},"categories":[1896],"tags":[],"class_list":["post-96253","post","type-post","status-publish","format-standard","has-post-thumbnail","hentry","category-destacado-portada"],"jetpack_publicize_connections":[],"jetpack_featured_media_url":"https:\/\/portaltactica.com\/wp-content\/uploads\/2025\/07\/4-11.jpg","jetpack_sharing_enabled":true,"_links":{"self":[{"href":"https:\/\/portaltactica.com\/index.php?rest_route=\/wp\/v2\/posts\/96253","targetHints":{"allow":["GET"]}}],"collection":[{"href":"https:\/\/portaltactica.com\/index.php?rest_route=\/wp\/v2\/posts"}],"about":[{"href":"https:\/\/portaltactica.com\/index.php?rest_route=\/wp\/v2\/types\/post"}],"author":[{"embeddable":true,"href":"https:\/\/portaltactica.com\/index.php?rest_route=\/wp\/v2\/users\/2"}],"replies":[{"embeddable":true,"href":"https:\/\/portaltactica.com\/index.php?rest_route=%2Fwp%2Fv2%2Fcomments&post=96253"}],"version-history":[{"count":1,"href":"https:\/\/portaltactica.com\/index.php?rest_route=\/wp\/v2\/posts\/96253\/revisions"}],"predecessor-version":[{"id":96255,"href":"https:\/\/portaltactica.com\/index.php?rest_route=\/wp\/v2\/posts\/96253\/revisions\/96255"}],"wp:featuredmedia":[{"embeddable":true,"href":"https:\/\/portaltactica.com\/index.php?rest_route=\/wp\/v2\/media\/96254"}],"wp:attachment":[{"href":"https:\/\/portaltactica.com\/index.php?rest_route=%2Fwp%2Fv2%2Fmedia&parent=96253"}],"wp:term":[{"taxonomy":"category","embeddable":true,"href":"https:\/\/portaltactica.com\/index.php?rest_route=%2Fwp%2Fv2%2Fcategories&post=96253"},{"taxonomy":"post_tag","embeddable":true,"href":"https:\/\/portaltactica.com\/index.php?rest_route=%2Fwp%2Fv2%2Ftags&post=96253"}],"curies":[{"name":"wp","href":"https:\/\/api.w.org\/{rel}","templated":true}]}}