{"id":96244,"date":"2025-07-18T08:24:32","date_gmt":"2025-07-18T15:24:32","guid":{"rendered":"https:\/\/portaltactica.com\/?p=96244"},"modified":"2025-07-18T08:24:34","modified_gmt":"2025-07-18T15:24:34","slug":"tebas-reafirma-su-posicion-sobre-el-real-madrid-tienen-tiempo-de-sobra-para-recuperarse","status":"publish","type":"post","link":"https:\/\/portaltactica.com\/?p=96244","title":{"rendered":"Tebas reafirma su posici\u00f3n sobre el Real Madrid: &#8220;Tienen tiempo de sobra para recuperarse&#8221;"},"content":{"rendered":"\n<p>Desde que se anunci\u00f3 el\u00a0<strong>Mundial de Clubes\u00a0<\/strong>para el verano del presente a\u00f1o, no todos los personajes relacionados al futbol estuvieron muy de acuerdo con la realizaci\u00f3n de este torneo, uno de ellos fue\u00a0<strong>Javier Tebas<\/strong>, presidente de la Liga Espa\u00f1ola.<\/p>\n\n\n\n<h2 class=\"wp-block-heading\">La Liga no cedi\u00f3 ni ceder\u00e1<\/h2>\n\n\n\n<p>La situaci\u00f3n con Espa\u00f1a fue una de las m\u00e1s sonadas en el mundo, esto ya que su presidente argument\u00f3 no estar de acuerdo con el torneo internacional, pues acortaba los tiempos de preparaci\u00f3n para la temporada.<\/p>\n\n\n\n<p>La cosa no qued\u00f3 en solo un desacuerdo de Tebas, pues el&nbsp;<a href=\"https:\/\/www.record.com.mx\/futbol\/futbol-internacional\/internacionales\/perdonaron-keylor-tras-caerse-su-fichaje-con-pumas-el\"><strong>Real Madrid<\/strong><\/a>&nbsp;al clasificarse en la fase final del mundial, pidi\u00f3 a&nbsp;<strong>La Liga<\/strong>&nbsp;aplazar su partido de debut programado para el 17 de agosto, sin embargo, Tebas no cedi\u00f3 ante esta petici\u00f3n.<\/p>\n\n\n\n<h3 class=\"wp-block-heading\">\u2018Tienen tiempo suficiente para recuperarse\u2019<\/h3>\n\n\n\n<p>Actualmente, Javier Tebas, se encuentra en Inglaterra para firmar unos acuerdos en sobre la transmisi\u00f3n de la&nbsp;<strong>Liga Arabe<\/strong>, pero uno de los temas que se le pregunt\u00f3 fue en relaci\u00f3n al tema del descanso del Real Madrid.<\/p>\n\n\n\n<p>&#8220;Nosotros hemos dado ya nuestra opci\u00f3n, la cual es que hay d\u00edas suficientes para recuperarse, para el descanso que marca el convenio colectivo. El problema no lo crea la liga, lo crea una competici\u00f3n como el Mundial de Clubes, que pone las fechas unilateralmente, que el propio&nbsp;<strong>Fifpro<\/strong>&nbsp;(sindicato de jugadores) se ha quejado&#8221;, declar\u00f3.<\/p>\n\n\n\n<p>Tebas finaliz\u00f3 su argumento poniendo los ejemplos de&nbsp;<strong>Chelsea<\/strong>&nbsp;y&nbsp;<strong>PSG<\/strong>&nbsp;(equipos finalistas del Mundial de Clubes), se\u00f1alando que ellos jugaron un partido m\u00e1s y aun as\u00ed tendr\u00e1n que iniciar su a\u00f1o futbol\u00edstico en las fechas ya acordadas por sus ligas.<\/p>\n\n\n\n<p>&#8220;El PSG juega el 13 de agosto la final de la Supercopa y el 17 de agosto empieza su competici\u00f3n liguera, el Chelsea el 17 de agosto comienza la Premier, y el Real Madrid comienza el 19. Yo creo que hay d\u00edas suficientes\u201d, concluy\u00f3.<\/p>\n\n\n\n<p><\/p>\n<div class='share-to-whatsapp-wrapper'><div class='share-on-whsp'>Share on: <\/div><a data-text='Tebas reafirma su posici\u00f3n sobre el Real Madrid: \"Tienen tiempo de sobra para recuperarse\"' data-link='https:\/\/portaltactica.com\/?p=96244' class='whatsapp-button whatsapp-share'>WhatsApp<\/a><div class='clear '><\/div><\/div>","protected":false},"excerpt":{"rendered":"<p>Desde que se anunci\u00f3 el\u00a0Mundial de Clubes\u00a0para el verano del presente a\u00f1o, no todos los personajes relacionados al futbol estuvieron muy&hellip;<\/p>\n","protected":false},"author":2,"featured_media":96245,"comment_status":"closed","ping_status":"closed","sticky":false,"template":"","format":"standard","meta":{"advanced_seo_description":"","jetpack_seo_html_title":"","jetpack_seo_noindex":false,"_jetpack_memberships_contains_paid_content":false,"footnotes":"","jetpack_publicize_message":"","jetpack_publicize_feature_enabled":true,"jetpack_social_post_already_shared":true,"jetpack_social_options":{"image_generator_settings":{"template":"highway","default_image_id":0,"font":"","enabled":false},"version":2}},"categories":[1898],"tags":[],"class_list":["post-96244","post","type-post","status-publish","format-standard","has-post-thumbnail","hentry","category-destacado-internacional"],"jetpack_publicize_connections":[],"jetpack_featured_media_url":"https:\/\/portaltactica.com\/wp-content\/uploads\/2025\/07\/1-4.png","jetpack_sharing_enabled":true,"_links":{"self":[{"href":"https:\/\/portaltactica.com\/index.php?rest_route=\/wp\/v2\/posts\/96244","targetHints":{"allow":["GET"]}}],"collection":[{"href":"https:\/\/portaltactica.com\/index.php?rest_route=\/wp\/v2\/posts"}],"about":[{"href":"https:\/\/portaltactica.com\/index.php?rest_route=\/wp\/v2\/types\/post"}],"author":[{"embeddable":true,"href":"https:\/\/portaltactica.com\/index.php?rest_route=\/wp\/v2\/users\/2"}],"replies":[{"embeddable":true,"href":"https:\/\/portaltactica.com\/index.php?rest_route=%2Fwp%2Fv2%2Fcomments&post=96244"}],"version-history":[{"count":1,"href":"https:\/\/portaltactica.com\/index.php?rest_route=\/wp\/v2\/posts\/96244\/revisions"}],"predecessor-version":[{"id":96246,"href":"https:\/\/portaltactica.com\/index.php?rest_route=\/wp\/v2\/posts\/96244\/revisions\/96246"}],"wp:featuredmedia":[{"embeddable":true,"href":"https:\/\/portaltactica.com\/index.php?rest_route=\/wp\/v2\/media\/96245"}],"wp:attachment":[{"href":"https:\/\/portaltactica.com\/index.php?rest_route=%2Fwp%2Fv2%2Fmedia&parent=96244"}],"wp:term":[{"taxonomy":"category","embeddable":true,"href":"https:\/\/portaltactica.com\/index.php?rest_route=%2Fwp%2Fv2%2Fcategories&post=96244"},{"taxonomy":"post_tag","embeddable":true,"href":"https:\/\/portaltactica.com\/index.php?rest_route=%2Fwp%2Fv2%2Ftags&post=96244"}],"curies":[{"name":"wp","href":"https:\/\/api.w.org\/{rel}","templated":true}]}}