{"id":96221,"date":"2025-07-17T10:56:47","date_gmt":"2025-07-17T17:56:47","guid":{"rendered":"https:\/\/portaltactica.com\/?p=96221"},"modified":"2025-07-17T10:56:49","modified_gmt":"2025-07-17T17:56:49","slug":"malas-noticias-para-ter-stegen-posible-baja-prolongada-que-barcelona-intentaria-capitalizar","status":"publish","type":"post","link":"https:\/\/portaltactica.com\/?p=96221","title":{"rendered":"Malas noticias para Ter Stegen: posible baja prolongada que Barcelona intentar\u00eda capitalizar"},"content":{"rendered":"\n<p>El portero\u00a0<strong>Marc-Andr\u00e9 ter Stegen<\/strong>, quien dej\u00f3 de ser<strong>\u00a0titular con el\u00a0Barcelona<\/strong>, podr\u00eda ser intervenido quir\u00fargicamente; es una mala noticia, pero en el club lo ven como algo que podr\u00eda ser aprovechado.<\/p>\n\n\n\n<p><strong>Ter Stegen, de 33 a\u00f1os de edad<\/strong>, est\u00e1 valorando seriamente la posibilidad de pasar nuevamente por el quir\u00f3fano, debido a que&nbsp;<strong>presenta molestias en la espalda<\/strong>, lo cual le provoca mucho dolor.<\/p>\n\n\n\n<p>Esto ha impedido que el arquero pueda entrenarse con el resto de sus compa\u00f1eros, pero hasta el momento no ha tomado la decisi\u00f3n,&nbsp;<strong>buscar\u00e1 otra opini\u00f3n m\u00e9dica antes de hacerlo<\/strong>.<\/p>\n\n\n\n<h2 class=\"wp-block-heading\">\u00bfOtra vez lo operan?<\/h2>\n\n\n\n<p>Ter Stegen ya fue&nbsp;<strong>operado en 2023<\/strong>, en esa ocasi\u00f3n fue por problemas lumbares y estuvo tres meses de baja; ahora se habla de que estar\u00eda<strong>&nbsp;sin poder jugar durante cuatro meses.<\/strong><\/p>\n\n\n\n<p>La\u00a0<strong>temporada anterior<\/strong>\u00a0tambi\u00e9n volvi\u00f3 a operarse despu\u00e9s de una lesi\u00f3n que sufri\u00f3 el pasado mes de septiembre en Villarreal, aunque en esa vez fue por\u00a0<strong>el tend\u00f3n rotuliano de su rodilla derecha.\u00a0<\/strong><\/p>\n\n\n\n<p>Regres\u00f3 faltando tres partidos para terminar la temporada, y cuando parec\u00eda que ya estar\u00eda bien para jugar,\u00a0<strong>aparece de nuevo<\/strong>\u00a0problema en la espalda.<\/p>\n\n\n\n<h2 class=\"wp-block-heading\">Ya no era el titular<\/h2>\n\n\n\n<p>El fichaje de Joan Garc\u00eda y la renovaci\u00f3n de Wojciech Szcz\u0119sny, en el Barcelona dejan al teut\u00f3n como la tercera opci\u00f3n para la meta.<\/p>\n\n\n\n<h2 class=\"wp-block-heading\">\u200bLo aprovechar\u00eda el Barcelona<\/h2>\n\n\n\n<p>Es un momento complicado para el guardameta, ya que<strong>\u00a0Barcelona\u00a0fich\u00f3 a Joan Garc\u00eda<\/strong>, por lo que complica su competencia interna por el puesto.<\/p>\n\n\n\n<p>Al club le conviene su baja, ya que no tendr\u00eda problemas con el<strong>&nbsp;fair play financiero<\/strong>; mientras que el jugador s\u00ed lo ve como mala noticia, pues<strong>&nbsp;ya no era titular&nbsp;<\/strong>y ahora con mayor raz\u00f3n se estar\u00eda alejando de volver a ser el arquero estelar con los cul\u00e9s.<\/p>\n<div class='share-to-whatsapp-wrapper'><div class='share-on-whsp'>Share on: <\/div><a data-text='Malas noticias para Ter Stegen: posible baja prolongada que Barcelona intentar\u00eda capitalizar' data-link='https:\/\/portaltactica.com\/?p=96221' class='whatsapp-button whatsapp-share'>WhatsApp<\/a><div class='clear '><\/div><\/div>","protected":false},"excerpt":{"rendered":"<p>El portero\u00a0Marc-Andr\u00e9 ter Stegen, quien dej\u00f3 de ser\u00a0titular con el\u00a0Barcelona, podr\u00eda ser intervenido quir\u00fargicamente; es una mala noticia, pero en el&hellip;<\/p>\n","protected":false},"author":2,"featured_media":96222,"comment_status":"closed","ping_status":"closed","sticky":false,"template":"","format":"standard","meta":{"advanced_seo_description":"","jetpack_seo_html_title":"","jetpack_seo_noindex":false,"_jetpack_memberships_contains_paid_content":false,"footnotes":"","jetpack_publicize_message":"","jetpack_publicize_feature_enabled":true,"jetpack_social_post_already_shared":true,"jetpack_social_options":{"image_generator_settings":{"template":"highway","default_image_id":0,"font":"","enabled":false},"version":2}},"categories":[6],"tags":[],"class_list":["post-96221","post","type-post","status-publish","format-standard","has-post-thumbnail","hentry","category-internacional"],"jetpack_publicize_connections":[],"jetpack_featured_media_url":"https:\/\/portaltactica.com\/wp-content\/uploads\/2025\/07\/5.jpeg","jetpack_sharing_enabled":true,"_links":{"self":[{"href":"https:\/\/portaltactica.com\/index.php?rest_route=\/wp\/v2\/posts\/96221","targetHints":{"allow":["GET"]}}],"collection":[{"href":"https:\/\/portaltactica.com\/index.php?rest_route=\/wp\/v2\/posts"}],"about":[{"href":"https:\/\/portaltactica.com\/index.php?rest_route=\/wp\/v2\/types\/post"}],"author":[{"embeddable":true,"href":"https:\/\/portaltactica.com\/index.php?rest_route=\/wp\/v2\/users\/2"}],"replies":[{"embeddable":true,"href":"https:\/\/portaltactica.com\/index.php?rest_route=%2Fwp%2Fv2%2Fcomments&post=96221"}],"version-history":[{"count":1,"href":"https:\/\/portaltactica.com\/index.php?rest_route=\/wp\/v2\/posts\/96221\/revisions"}],"predecessor-version":[{"id":96223,"href":"https:\/\/portaltactica.com\/index.php?rest_route=\/wp\/v2\/posts\/96221\/revisions\/96223"}],"wp:featuredmedia":[{"embeddable":true,"href":"https:\/\/portaltactica.com\/index.php?rest_route=\/wp\/v2\/media\/96222"}],"wp:attachment":[{"href":"https:\/\/portaltactica.com\/index.php?rest_route=%2Fwp%2Fv2%2Fmedia&parent=96221"}],"wp:term":[{"taxonomy":"category","embeddable":true,"href":"https:\/\/portaltactica.com\/index.php?rest_route=%2Fwp%2Fv2%2Fcategories&post=96221"},{"taxonomy":"post_tag","embeddable":true,"href":"https:\/\/portaltactica.com\/index.php?rest_route=%2Fwp%2Fv2%2Ftags&post=96221"}],"curies":[{"name":"wp","href":"https:\/\/api.w.org\/{rel}","templated":true}]}}