{"id":96198,"date":"2025-07-16T13:58:02","date_gmt":"2025-07-16T20:58:02","guid":{"rendered":"https:\/\/portaltactica.com\/?p=96198"},"modified":"2025-07-16T13:58:05","modified_gmt":"2025-07-16T20:58:05","slug":"bellingham-se-somete-a-cirugia-en-el-hombro-y-no-arrancara-la-temporada","status":"publish","type":"post","link":"https:\/\/portaltactica.com\/?p=96198","title":{"rendered":"Bellingham se somete a cirug\u00eda en el hombro y no arrancar\u00e1 la temporada"},"content":{"rendered":"\n<p><strong>Jude Bellingham<\/strong>\u00a0se someti\u00f3 el mi\u00e9rcoles a una\u00a0<strong>cirug\u00eda de hombro<\/strong>\u00a0y se espera que se pierda el\u00a0<strong>inicio de la temporada del\u00a0Real Madrid<\/strong>\u00a0en\u00a0<strong>La Liga de Espa\u00f1a<\/strong>, misma que inicia el\u00a0<strong>pr\u00f3ximo viernes 15 de agosto.<\/strong><\/p>\n\n\n\n<p>El club inform\u00f3 en breve c<strong>omunicado\u00a0<\/strong>que el internacional ingl\u00e9s necesitaba ser operado por una\u00a0<strong>dislocaci\u00f3n recurrente<\/strong>\u00a0de su hombro izquierdo, lesi\u00f3n que arrastr\u00f3 durante los \u00faltimos meses.<\/p>\n\n\n\n<p>A\u00f1adi\u00f3 que&nbsp;<strong>Bellingham sali\u00f3 con \u00e9xito de la cirug\u00eda<\/strong>&nbsp;y que &#8220;ahora se someter\u00e1 a un&nbsp;<strong>per\u00edodo de rehabilitaci\u00f3n<\/strong>, antes de regresar a los entrenamientos y comenzar su recuperaci\u00f3n&#8221;.<\/p>\n\n\n\n<p>Era una intervenci\u00f3n que\u00a0<strong>hab\u00eda sido prevista desde hace tiempo<\/strong>. El plan era que Bellingham fuera operado\u00a0<strong>al cabo del\u00a0Mundial de Clubes<\/strong>\u00a0por una lesi\u00f3n que arrastra\u00a0<strong>desde m\u00e1s de a\u00f1o y medio<\/strong>.<\/p>\n\n\n\n<p>\u201cLlevo mucho tiempo esperando y&nbsp;<strong>ya se me est\u00e1 agotando la paciencia<\/strong>\u201d, dijo Bellingham al t\u00e9rmino del&nbsp;<strong>partido contra el Pachuca de M\u00e9xico<\/strong>&nbsp;el mes pasado por el&nbsp;<strong>Mundial de Clubes<\/strong>.<\/p>\n\n\n\n<p>El Madrid&nbsp;<strong>no especific\u00f3 cu\u00e1nto tiempo estar\u00e1 Bellingham fuera de acci\u00f3n<\/strong>, pero los medios espa\u00f1oles informaron que podr\u00eda estar ausente entre dos y tres meses, firmando su regreso alrededor de la Jornada 7.<\/p>\n\n\n\n<p>Los merengues abrir\u00e1n su campa\u00f1a de La Liga el&nbsp;<strong>martes 19 de agosto contra Osasuna<\/strong>.<\/p>\n<div class='share-to-whatsapp-wrapper'><div class='share-on-whsp'>Share on: <\/div><a data-text='Bellingham se somete a cirug\u00eda en el hombro y no arrancar\u00e1 la temporada' data-link='https:\/\/portaltactica.com\/?p=96198' class='whatsapp-button whatsapp-share'>WhatsApp<\/a><div class='clear '><\/div><\/div>","protected":false},"excerpt":{"rendered":"<p>Jude Bellingham\u00a0se someti\u00f3 el mi\u00e9rcoles a una\u00a0cirug\u00eda de hombro\u00a0y se espera que se pierda el\u00a0inicio de la temporada del\u00a0Real Madrid\u00a0en\u00a0La Liga&hellip;<\/p>\n","protected":false},"author":2,"featured_media":96199,"comment_status":"closed","ping_status":"closed","sticky":false,"template":"","format":"standard","meta":{"advanced_seo_description":"","jetpack_seo_html_title":"","jetpack_seo_noindex":false,"_jetpack_memberships_contains_paid_content":false,"footnotes":"","jetpack_publicize_message":"","jetpack_publicize_feature_enabled":true,"jetpack_social_post_already_shared":true,"jetpack_social_options":{"image_generator_settings":{"template":"highway","default_image_id":0,"font":"","enabled":false},"version":2}},"categories":[1898],"tags":[],"class_list":["post-96198","post","type-post","status-publish","format-standard","has-post-thumbnail","hentry","category-destacado-internacional"],"jetpack_publicize_connections":[],"jetpack_featured_media_url":"https:\/\/portaltactica.com\/wp-content\/uploads\/2025\/07\/7-10-scaled.jpg","jetpack_sharing_enabled":true,"_links":{"self":[{"href":"https:\/\/portaltactica.com\/index.php?rest_route=\/wp\/v2\/posts\/96198","targetHints":{"allow":["GET"]}}],"collection":[{"href":"https:\/\/portaltactica.com\/index.php?rest_route=\/wp\/v2\/posts"}],"about":[{"href":"https:\/\/portaltactica.com\/index.php?rest_route=\/wp\/v2\/types\/post"}],"author":[{"embeddable":true,"href":"https:\/\/portaltactica.com\/index.php?rest_route=\/wp\/v2\/users\/2"}],"replies":[{"embeddable":true,"href":"https:\/\/portaltactica.com\/index.php?rest_route=%2Fwp%2Fv2%2Fcomments&post=96198"}],"version-history":[{"count":1,"href":"https:\/\/portaltactica.com\/index.php?rest_route=\/wp\/v2\/posts\/96198\/revisions"}],"predecessor-version":[{"id":96200,"href":"https:\/\/portaltactica.com\/index.php?rest_route=\/wp\/v2\/posts\/96198\/revisions\/96200"}],"wp:featuredmedia":[{"embeddable":true,"href":"https:\/\/portaltactica.com\/index.php?rest_route=\/wp\/v2\/media\/96199"}],"wp:attachment":[{"href":"https:\/\/portaltactica.com\/index.php?rest_route=%2Fwp%2Fv2%2Fmedia&parent=96198"}],"wp:term":[{"taxonomy":"category","embeddable":true,"href":"https:\/\/portaltactica.com\/index.php?rest_route=%2Fwp%2Fv2%2Fcategories&post=96198"},{"taxonomy":"post_tag","embeddable":true,"href":"https:\/\/portaltactica.com\/index.php?rest_route=%2Fwp%2Fv2%2Ftags&post=96198"}],"curies":[{"name":"wp","href":"https:\/\/api.w.org\/{rel}","templated":true}]}}