{"id":96195,"date":"2025-07-16T13:54:14","date_gmt":"2025-07-16T20:54:14","guid":{"rendered":"https:\/\/portaltactica.com\/?p=96195"},"modified":"2025-07-16T13:54:16","modified_gmt":"2025-07-16T20:54:16","slug":"fallece-roberto-reynoso-historico-de-cruz-azul-a-los-85-anos","status":"publish","type":"post","link":"https:\/\/portaltactica.com\/?p=96195","title":{"rendered":"Fallece Roberto Reynoso, hist\u00f3rico de Cruz Azul, a los 85 a\u00f1os"},"content":{"rendered":"\n<p><strong>Cruz Azul\u00a0est\u00e1 de luto<\/strong>, luego de la muerte de\u00a0<strong>Roberto Reynoso\u00a0este mi\u00e9rcoles<\/strong>. El exfutbolista fue parte fundamental de La M\u00e1quina al lograr el ascenso a la\u00a0<strong>Primera Divisi\u00f3n en 1964<\/strong>, por ello, el club lament\u00f3 la p\u00e9rdida y dedic\u00f3 un mensaje.<\/p>\n\n\n\n<p>\u201cEl&nbsp;<strong>Club de Futbol Cruz Azul debe su grandeza a h\u00e9roes<\/strong>&nbsp;como&nbsp;<strong>Roberto Reynoso<\/strong>, quienes hicieron hasta lo imposible por llevar a su equipo a lo m\u00e1s alto\u201d, escribi\u00f3&nbsp;<strong>La M\u00e1quina para recordar a una de sus leyendas<\/strong>&nbsp;que construy\u00f3 su historia.<\/p>\n\n\n\n<h2 class=\"wp-block-heading\"><strong>V\u00edctor Vel\u00e1zquez lamenta la p\u00e9rdida<\/strong><\/h2>\n\n\n\n<p>El&nbsp;<strong>presidente de Cruz Azul tambi\u00e9n dedic\u00f3 unas palabras para Roberto Reynoso<\/strong>, quien era su suegro y padre de&nbsp;<strong>Antonio Reynoso<\/strong>, director administrativo de&nbsp;<strong>La M\u00e1quina<\/strong>, por lo que la situaci\u00f3n trascendi\u00f3 m\u00e1s all\u00e1 del futbol.<\/p>\n\n\n\n<p>\u201cHoy&nbsp;<strong>despedimos a una leyenda de nuestro Club de Futbol Cruz Azul<\/strong>, quien defendi\u00f3 nuestros colores como lateral derecho en aquel m\u00edtico campeonato que nos dio el ascenso al m\u00e1ximo circuito. Descanse en paz,&nbsp;<strong>Roberto Reynoso<\/strong>\u201d, escribi\u00f3&nbsp;<strong>Vel\u00e1zquez<\/strong>.<\/p>\n\n\n\n<h2 class=\"wp-block-heading\"><strong>Roberto Reynoso y su legado<\/strong><\/h2>\n\n\n\n<p>A los 85 a\u00f1os de edad,&nbsp;<strong>Reynoso parti\u00f3 y deja un legado imborrable en Cruz Azul<\/strong>, al ser uno de los precursores del gran \u00e9xito que consigui\u00f3 La M\u00e1quina posteriormente. La historia Celeste no se entender\u00eda sin su aporte.<\/p>\n\n\n\n<p><\/p>\n<div class='share-to-whatsapp-wrapper'><div class='share-on-whsp'>Share on: <\/div><a data-text='Fallece Roberto Reynoso, hist\u00f3rico de Cruz Azul, a los 85 a\u00f1os' data-link='https:\/\/portaltactica.com\/?p=96195' class='whatsapp-button whatsapp-share'>WhatsApp<\/a><div class='clear '><\/div><\/div>","protected":false},"excerpt":{"rendered":"<p>Cruz Azul\u00a0est\u00e1 de luto, luego de la muerte de\u00a0Roberto Reynoso\u00a0este mi\u00e9rcoles. El exfutbolista fue parte fundamental de La M\u00e1quina al lograr&hellip;<\/p>\n","protected":false},"author":2,"featured_media":96196,"comment_status":"closed","ping_status":"closed","sticky":false,"template":"","format":"standard","meta":{"advanced_seo_description":"","jetpack_seo_html_title":"","jetpack_seo_noindex":false,"_jetpack_memberships_contains_paid_content":false,"footnotes":"","jetpack_publicize_message":"","jetpack_publicize_feature_enabled":true,"jetpack_social_post_already_shared":true,"jetpack_social_options":{"image_generator_settings":{"template":"highway","default_image_id":0,"font":"","enabled":false},"version":2}},"categories":[1897],"tags":[],"class_list":["post-96195","post","type-post","status-publish","format-standard","has-post-thumbnail","hentry","category-destacado-nacional"],"jetpack_publicize_connections":[],"jetpack_featured_media_url":"https:\/\/portaltactica.com\/wp-content\/uploads\/2025\/07\/6-8.jpg","jetpack_sharing_enabled":true,"_links":{"self":[{"href":"https:\/\/portaltactica.com\/index.php?rest_route=\/wp\/v2\/posts\/96195","targetHints":{"allow":["GET"]}}],"collection":[{"href":"https:\/\/portaltactica.com\/index.php?rest_route=\/wp\/v2\/posts"}],"about":[{"href":"https:\/\/portaltactica.com\/index.php?rest_route=\/wp\/v2\/types\/post"}],"author":[{"embeddable":true,"href":"https:\/\/portaltactica.com\/index.php?rest_route=\/wp\/v2\/users\/2"}],"replies":[{"embeddable":true,"href":"https:\/\/portaltactica.com\/index.php?rest_route=%2Fwp%2Fv2%2Fcomments&post=96195"}],"version-history":[{"count":1,"href":"https:\/\/portaltactica.com\/index.php?rest_route=\/wp\/v2\/posts\/96195\/revisions"}],"predecessor-version":[{"id":96197,"href":"https:\/\/portaltactica.com\/index.php?rest_route=\/wp\/v2\/posts\/96195\/revisions\/96197"}],"wp:featuredmedia":[{"embeddable":true,"href":"https:\/\/portaltactica.com\/index.php?rest_route=\/wp\/v2\/media\/96196"}],"wp:attachment":[{"href":"https:\/\/portaltactica.com\/index.php?rest_route=%2Fwp%2Fv2%2Fmedia&parent=96195"}],"wp:term":[{"taxonomy":"category","embeddable":true,"href":"https:\/\/portaltactica.com\/index.php?rest_route=%2Fwp%2Fv2%2Fcategories&post=96195"},{"taxonomy":"post_tag","embeddable":true,"href":"https:\/\/portaltactica.com\/index.php?rest_route=%2Fwp%2Fv2%2Ftags&post=96195"}],"curies":[{"name":"wp","href":"https:\/\/api.w.org\/{rel}","templated":true}]}}