{"id":96185,"date":"2025-07-16T10:31:38","date_gmt":"2025-07-16T17:31:38","guid":{"rendered":"https:\/\/portaltactica.com\/?p=96185"},"modified":"2025-07-16T10:31:40","modified_gmt":"2025-07-16T17:31:40","slug":"santiago-gimenez-rompe-el-silencio-sobre-qatar-2022-tata-me-dijo-que-era-titular-y-me-dejo-fuera","status":"publish","type":"post","link":"https:\/\/portaltactica.com\/?p=96185","title":{"rendered":"Santiago Gim\u00e9nez rompe el silencio sobre Qatar 2022: \u201cTata me dijo que era titular y me dej\u00f3 fuera&#8221;"},"content":{"rendered":"\n<p><strong>Santiago Gim\u00e9nez\u00a0habl\u00f3 sobre la situaci\u00f3n del\u00a0Mundial de Qatar 2022<\/strong>, en el que\u00a0<strong>no fue convocado por Gerardo Martino<\/strong>. El delantero mexicano revel\u00f3 que el t\u00e9cnico argentino le hab\u00eda asegurado su lugar en la justa internacional.<\/p>\n\n\n\n<h2 class=\"wp-block-heading\"><strong>Santi Gim\u00e9nez cuestiona al &#8216;Tata&#8217; Martino<\/strong><\/h2>\n\n\n\n<p><strong>Gim\u00e9nez<\/strong>&nbsp;mencion\u00f3 que en su \u00faltima convocatoria con la&nbsp;<strong>Selecci\u00f3n Mexicana<\/strong>&nbsp;previa a la Copa del Mundo, el \u2018Tata\u2019 le hab\u00eda dicho que era&nbsp;<strong>su primera opci\u00f3n de delantero<\/strong>, sin embargo,&nbsp;<strong>el ahora atacante de Milan no particip\u00f3 en Qatar<\/strong>.<\/p>\n\n\n\n<p>\u201cMe ve\u00eda adentro de la lista, la verdad. La \u00faltima vez que hab\u00eda ido a selecci\u00f3n el&nbsp;<strong>&#8216;Tata&#8217;&nbsp;me dijo que era su \u2018delantero titular<\/strong>&nbsp;ahorita y&nbsp;<strong>si sigues as\u00ed vas a llegar al&nbsp;Mundial\u2019<\/strong>, as\u00ed me dijo. Empec\u00e9 a hacer goles, a estar bien y&nbsp;<strong>me dej\u00f3 fuera<\/strong>\u201d, declar\u00f3&nbsp;<strong>Gim\u00e9nez<\/strong>&nbsp;en entrevista con Escorpi\u00f3n Dorado.<\/p>\n\n\n\n<h2 class=\"wp-block-heading\"><strong>Gim\u00e9nez critica las formas de la Selecci\u00f3n Mexicana<\/strong><\/h2>\n\n\n\n<p>Adem\u00e1s, el delantero relat\u00f3 la&nbsp;<strong>forma en la que se enter\u00f3 que no iba a asistir al Mundial<\/strong>&nbsp;y se\u00f1al\u00f3 que fue inadecuada, ya que lo hicieron&nbsp;<strong>viajar a Girona junto con Diego Lainez<\/strong>&nbsp;para finalmente conocer que no fueron elegidos.<\/p>\n\n\n\n<p>\u201cComo fue una decisi\u00f3n que sab\u00edan que ser\u00eda dura, buscaron dec\u00edrmelo r\u00e1pido.&nbsp;<strong>Las formas estuvieron mal<\/strong>, porque me dijeron por tel\u00e9fono. Viaj\u00e9 a Girona me dijeron que entrenar\u00eda aqu\u00ed, por si pasa algo,&nbsp;<strong>como de sobra<\/strong>. Llego a Girona y&nbsp;<strong>me dijeron que no ir\u00eda<\/strong>. Lainez y yo llegamos y a las dos horas nos dijeron. Tomamos un avi\u00f3n para ir y regresamos a&nbsp;M\u00e9xico\u201d, cont\u00f3 Gim\u00e9nez.<\/p>\n\n\n\n<p><\/p>\n<div class='share-to-whatsapp-wrapper'><div class='share-on-whsp'>Share on: <\/div><a data-text='Santiago Gim\u00e9nez rompe el silencio sobre Qatar 2022: \u201cTata me dijo que era titular y me dej\u00f3 fuera\"' data-link='https:\/\/portaltactica.com\/?p=96185' class='whatsapp-button whatsapp-share'>WhatsApp<\/a><div class='clear '><\/div><\/div>","protected":false},"excerpt":{"rendered":"<p>Santiago Gim\u00e9nez\u00a0habl\u00f3 sobre la situaci\u00f3n del\u00a0Mundial de Qatar 2022, en el que\u00a0no fue convocado por Gerardo Martino. El delantero mexicano revel\u00f3&hellip;<\/p>\n","protected":false},"author":2,"featured_media":96186,"comment_status":"closed","ping_status":"closed","sticky":false,"template":"","format":"standard","meta":{"advanced_seo_description":"","jetpack_seo_html_title":"","jetpack_seo_noindex":false,"_jetpack_memberships_contains_paid_content":false,"footnotes":"","jetpack_publicize_message":"","jetpack_publicize_feature_enabled":true,"jetpack_social_post_already_shared":true,"jetpack_social_options":{"image_generator_settings":{"template":"highway","default_image_id":0,"font":"","enabled":false},"version":2}},"categories":[1897],"tags":[],"class_list":["post-96185","post","type-post","status-publish","format-standard","has-post-thumbnail","hentry","category-destacado-nacional"],"jetpack_publicize_connections":[],"jetpack_featured_media_url":"https:\/\/portaltactica.com\/wp-content\/uploads\/2025\/07\/3-8-scaled.jpg","jetpack_sharing_enabled":true,"_links":{"self":[{"href":"https:\/\/portaltactica.com\/index.php?rest_route=\/wp\/v2\/posts\/96185","targetHints":{"allow":["GET"]}}],"collection":[{"href":"https:\/\/portaltactica.com\/index.php?rest_route=\/wp\/v2\/posts"}],"about":[{"href":"https:\/\/portaltactica.com\/index.php?rest_route=\/wp\/v2\/types\/post"}],"author":[{"embeddable":true,"href":"https:\/\/portaltactica.com\/index.php?rest_route=\/wp\/v2\/users\/2"}],"replies":[{"embeddable":true,"href":"https:\/\/portaltactica.com\/index.php?rest_route=%2Fwp%2Fv2%2Fcomments&post=96185"}],"version-history":[{"count":1,"href":"https:\/\/portaltactica.com\/index.php?rest_route=\/wp\/v2\/posts\/96185\/revisions"}],"predecessor-version":[{"id":96187,"href":"https:\/\/portaltactica.com\/index.php?rest_route=\/wp\/v2\/posts\/96185\/revisions\/96187"}],"wp:featuredmedia":[{"embeddable":true,"href":"https:\/\/portaltactica.com\/index.php?rest_route=\/wp\/v2\/media\/96186"}],"wp:attachment":[{"href":"https:\/\/portaltactica.com\/index.php?rest_route=%2Fwp%2Fv2%2Fmedia&parent=96185"}],"wp:term":[{"taxonomy":"category","embeddable":true,"href":"https:\/\/portaltactica.com\/index.php?rest_route=%2Fwp%2Fv2%2Fcategories&post=96185"},{"taxonomy":"post_tag","embeddable":true,"href":"https:\/\/portaltactica.com\/index.php?rest_route=%2Fwp%2Fv2%2Ftags&post=96185"}],"curies":[{"name":"wp","href":"https:\/\/api.w.org\/{rel}","templated":true}]}}