{"id":96143,"date":"2025-07-15T10:33:15","date_gmt":"2025-07-15T17:33:15","guid":{"rendered":"https:\/\/portaltactica.com\/?p=96143"},"modified":"2025-07-15T10:33:18","modified_gmt":"2025-07-15T17:33:18","slug":"pablo-torre-deja-oficialmente-al-barcelona","status":"publish","type":"post","link":"https:\/\/portaltactica.com\/?p=96143","title":{"rendered":"Pablo Torre deja oficialmente al Barcelona"},"content":{"rendered":"\n<p>Mediante un comunicado, el\u00a0<strong>Barcelona<\/strong>\u00a0oficializ\u00f3 el traspaso de\u00a0<strong>Pablo Torre\u00a0<\/strong>al\u00a0<strong>Mallorca<\/strong>\u00a0por una cantidad de 5 millones de euros. El acuerdo incluye una opci\u00f3n de recompra as\u00ed como el porcentaje de una futura venta del jugador.\u00a0<\/p>\n\n\n\n<p>El equipo mandatado por Joan Laporta contin\u00faa haciendo ajustes en su plantilla de cara a la temporada que est\u00e1 por comenzar. La salida de Pablo Torre se suma al adi\u00f3s de Ansu Fati, Clement Lenglet y \u00c1lex Valle.<\/p>\n\n\n\n<p>Seg\u00fan informaci\u00f3n de Juan Jim\u00e9nez del Diario As, la venta del jugador significa para el Barcelona una liberaci\u00f3n de cuatro millones de euros en salario, que a pesar de no ser suficiente contribuye positivamente a los esfuerzos del club por entrar en la reglamentaci\u00f3n que le permita inscribir fichajes con normalidad en LaLiga.&nbsp;<\/p>\n\n\n\n<h2 class=\"wp-block-heading\">Pablo Torre en el Bar\u00e7a<\/h2>\n\n\n\n<p>El futbolista de 22 a\u00f1os lleg\u00f3 a Barcelona en 2022 proveniente del Racing de Santander de Espa\u00f1a, donde contribuy\u00f3 al ascenso del equipo a segunda divisi\u00f3n con las \u00f3rdenes de Guillermo Fern\u00e1ndez Romo.<\/p>\n\n\n\n<p>Durante la temporada 2022\/2023 registr\u00f3 un total de 13 partidos con el primer equipo bajo el mando de Xavi Hern\u00e1ndez, donde registr\u00f3 4 asistencias en liga y un gol anotado frente al Viktoria Plzen en la Champions League.<\/p>\n\n\n\n<p>Para la siguiente temporada fue cedido al Girona, equipo en el que vio actividad en 29 partidos de la temporada. La campa\u00f1a pasada, tuvo minutos con Hans-Dieter Flick en donde tuvo una destacada participaci\u00f3n frente al Villarreal anotando un tanto del encuentro.<\/p>\n\n\n\n<h2 class=\"wp-block-heading\">Cuentas finales&nbsp;<\/h2>\n\n\n\n<p>El ahora refuerzo del Mallorca se despide con un total de 27 partidos en el equipo catal\u00e1n registrando cinco goles y cuatro asistencias, adem\u00e1s de dos t\u00edtulos ligueros, una Copa del Rey y una Supercopa de Espa\u00f1a en su historial.<\/p>\n<div class='share-to-whatsapp-wrapper'><div class='share-on-whsp'>Share on: <\/div><a data-text='Pablo Torre deja oficialmente al Barcelona' data-link='https:\/\/portaltactica.com\/?p=96143' class='whatsapp-button whatsapp-share'>WhatsApp<\/a><div class='clear '><\/div><\/div>","protected":false},"excerpt":{"rendered":"<p>Mediante un comunicado, el\u00a0Barcelona\u00a0oficializ\u00f3 el traspaso de\u00a0Pablo Torre\u00a0al\u00a0Mallorca\u00a0por una cantidad de 5 millones de euros. El acuerdo incluye una opci\u00f3n de&hellip;<\/p>\n","protected":false},"author":2,"featured_media":96144,"comment_status":"closed","ping_status":"closed","sticky":false,"template":"","format":"standard","meta":{"advanced_seo_description":"","jetpack_seo_html_title":"","jetpack_seo_noindex":false,"_jetpack_memberships_contains_paid_content":false,"footnotes":"","jetpack_publicize_message":"","jetpack_publicize_feature_enabled":true,"jetpack_social_post_already_shared":true,"jetpack_social_options":{"image_generator_settings":{"template":"highway","default_image_id":0,"font":"","enabled":false},"version":2}},"categories":[6],"tags":[],"class_list":["post-96143","post","type-post","status-publish","format-standard","has-post-thumbnail","hentry","category-internacional"],"jetpack_publicize_connections":[],"jetpack_featured_media_url":"https:\/\/portaltactica.com\/wp-content\/uploads\/2025\/07\/4-10.jpg","jetpack_sharing_enabled":true,"_links":{"self":[{"href":"https:\/\/portaltactica.com\/index.php?rest_route=\/wp\/v2\/posts\/96143","targetHints":{"allow":["GET"]}}],"collection":[{"href":"https:\/\/portaltactica.com\/index.php?rest_route=\/wp\/v2\/posts"}],"about":[{"href":"https:\/\/portaltactica.com\/index.php?rest_route=\/wp\/v2\/types\/post"}],"author":[{"embeddable":true,"href":"https:\/\/portaltactica.com\/index.php?rest_route=\/wp\/v2\/users\/2"}],"replies":[{"embeddable":true,"href":"https:\/\/portaltactica.com\/index.php?rest_route=%2Fwp%2Fv2%2Fcomments&post=96143"}],"version-history":[{"count":1,"href":"https:\/\/portaltactica.com\/index.php?rest_route=\/wp\/v2\/posts\/96143\/revisions"}],"predecessor-version":[{"id":96145,"href":"https:\/\/portaltactica.com\/index.php?rest_route=\/wp\/v2\/posts\/96143\/revisions\/96145"}],"wp:featuredmedia":[{"embeddable":true,"href":"https:\/\/portaltactica.com\/index.php?rest_route=\/wp\/v2\/media\/96144"}],"wp:attachment":[{"href":"https:\/\/portaltactica.com\/index.php?rest_route=%2Fwp%2Fv2%2Fmedia&parent=96143"}],"wp:term":[{"taxonomy":"category","embeddable":true,"href":"https:\/\/portaltactica.com\/index.php?rest_route=%2Fwp%2Fv2%2Fcategories&post=96143"},{"taxonomy":"post_tag","embeddable":true,"href":"https:\/\/portaltactica.com\/index.php?rest_route=%2Fwp%2Fv2%2Ftags&post=96143"}],"curies":[{"name":"wp","href":"https:\/\/api.w.org\/{rel}","templated":true}]}}