{"id":96074,"date":"2025-07-12T12:40:57","date_gmt":"2025-07-12T19:40:57","guid":{"rendered":"https:\/\/portaltactica.com\/?p=96074"},"modified":"2025-07-12T12:41:00","modified_gmt":"2025-07-12T19:41:00","slug":"andre-onana-se-lesiona-y-queda-fuera-de-la-pretemporada-del-manchester-united","status":"publish","type":"post","link":"https:\/\/portaltactica.com\/?p=96074","title":{"rendered":"Andr\u00e9 Onana se lesiona y queda fuera de la pretemporada del Manchester United"},"content":{"rendered":"\n<p>En los suburbios de M\u00e1nchester, el\u00a0<strong>Teatro de los Sue\u00f1os<\/strong>\u00a0no ha vivido sus mejores \u00e9pocas.\u00a0<strong>Manchester United<\/strong>\u00a0termin\u00f3 una temporada para el olvido en\u00a0<strong>Premier League<\/strong>; y una dolorosa derrota en la<strong>\u00a0Final de Europa League<\/strong>\u00a0ante un rival londinense,\u00a0<strong>Tottenham Hotspur<\/strong>.<\/p>\n\n\n\n<p>Ahora, de cara a la campa\u00f1a 2025, el conjunto de&nbsp;<strong>Ruben Amorim<\/strong>&nbsp;busca recomponer el paso y dejar atr\u00e1s los malos ratos, pero una lesi\u00f3n puede quitarle la esperanza a los Red Devils.&nbsp;<strong>Andr\u00e9 Onana<\/strong>&nbsp;sufri\u00f3 una lesi\u00f3n en los isquiotibiales, por lo que su participaci\u00f3n en la pretemporada est\u00e1 descartada.<\/p>\n\n\n\n<p>El arquero camerun\u00e9s de 29 a\u00f1os estar\u00e1 fuera aproximadamente de seis a ocho semanas, seg\u00fan diversas fuentes. Pese a la lesi\u00f3n,&nbsp;<strong>el portero africano har\u00e1 el viaje programado que tiene el conjunto ingl\u00e9s en Estados Unidos<\/strong>, en los partidos entre el 27 de julio y el 3 de agosto.<\/p>\n\n\n\n<p>El conjunto de la ciudad de M\u00e1nchester enfrentar\u00e1 al&nbsp;<strong>Arsenal<\/strong>&nbsp;en la primera jornada de la&nbsp;<strong>Premier League<\/strong>. Tanto Ruben Amorim, como su cuerpo t\u00e9cnico tienen la esperanza de que&nbsp;<strong>Andr\u00e9 Onana<\/strong>&nbsp;pueda regresar para su primer enfrentamiento en el campeonato ingl\u00e9s.<\/p>\n\n\n\n<h2 class=\"wp-block-heading\">Oportunidad para los j\u00f3venes<\/h2>\n\n\n\n<p>Aunque una lesi\u00f3n siempre es una mala noticia, los tres arqueros suplentes de los Red Devils tienen una oportunidad de oro.&nbsp;<strong>Altay Bayindir, Tom Heaton y Radek Vitek<\/strong>&nbsp;tratar\u00e1n de convencer al entrenador lusitano por una oportunidad en el primer equipo.<\/p>\n\n\n\n<h2 class=\"wp-block-heading\">\u00bfDe R\u00edo de Janeiro a M\u00e1nchester?<\/h2>\n\n\n\n<p>El diario The Athletic inform\u00f3 que el equipo ingl\u00e9s tiene en la mira a un hombre que brill\u00f3 en el&nbsp;<strong>Mundial de Clubes<\/strong>.&nbsp;<strong>John Victor<\/strong>, arquero de&nbsp;<strong>Botafogo<\/strong>&nbsp;de 29 a\u00f1os, es una de las opciones para los tres palos diab\u00f3licos.<\/p>\n<div class='share-to-whatsapp-wrapper'><div class='share-on-whsp'>Share on: <\/div><a data-text='Andr\u00e9 Onana se lesiona y queda fuera de la pretemporada del Manchester United' data-link='https:\/\/portaltactica.com\/?p=96074' class='whatsapp-button whatsapp-share'>WhatsApp<\/a><div class='clear '><\/div><\/div>","protected":false},"excerpt":{"rendered":"<p>En los suburbios de M\u00e1nchester, el\u00a0Teatro de los Sue\u00f1os\u00a0no ha vivido sus mejores \u00e9pocas.\u00a0Manchester United\u00a0termin\u00f3 una temporada para el olvido en\u00a0Premier&hellip;<\/p>\n","protected":false},"author":2,"featured_media":96075,"comment_status":"closed","ping_status":"closed","sticky":false,"template":"","format":"standard","meta":{"advanced_seo_description":"","jetpack_seo_html_title":"","jetpack_seo_noindex":false,"_jetpack_memberships_contains_paid_content":false,"footnotes":"","jetpack_publicize_message":"","jetpack_publicize_feature_enabled":true,"jetpack_social_post_already_shared":true,"jetpack_social_options":{"image_generator_settings":{"template":"highway","default_image_id":0,"font":"","enabled":false},"version":2}},"categories":[6],"tags":[],"class_list":["post-96074","post","type-post","status-publish","format-standard","has-post-thumbnail","hentry","category-internacional"],"jetpack_publicize_connections":[],"jetpack_featured_media_url":"https:\/\/portaltactica.com\/wp-content\/uploads\/2025\/07\/8-4.jpg","jetpack_sharing_enabled":true,"_links":{"self":[{"href":"https:\/\/portaltactica.com\/index.php?rest_route=\/wp\/v2\/posts\/96074","targetHints":{"allow":["GET"]}}],"collection":[{"href":"https:\/\/portaltactica.com\/index.php?rest_route=\/wp\/v2\/posts"}],"about":[{"href":"https:\/\/portaltactica.com\/index.php?rest_route=\/wp\/v2\/types\/post"}],"author":[{"embeddable":true,"href":"https:\/\/portaltactica.com\/index.php?rest_route=\/wp\/v2\/users\/2"}],"replies":[{"embeddable":true,"href":"https:\/\/portaltactica.com\/index.php?rest_route=%2Fwp%2Fv2%2Fcomments&post=96074"}],"version-history":[{"count":1,"href":"https:\/\/portaltactica.com\/index.php?rest_route=\/wp\/v2\/posts\/96074\/revisions"}],"predecessor-version":[{"id":96076,"href":"https:\/\/portaltactica.com\/index.php?rest_route=\/wp\/v2\/posts\/96074\/revisions\/96076"}],"wp:featuredmedia":[{"embeddable":true,"href":"https:\/\/portaltactica.com\/index.php?rest_route=\/wp\/v2\/media\/96075"}],"wp:attachment":[{"href":"https:\/\/portaltactica.com\/index.php?rest_route=%2Fwp%2Fv2%2Fmedia&parent=96074"}],"wp:term":[{"taxonomy":"category","embeddable":true,"href":"https:\/\/portaltactica.com\/index.php?rest_route=%2Fwp%2Fv2%2Fcategories&post=96074"},{"taxonomy":"post_tag","embeddable":true,"href":"https:\/\/portaltactica.com\/index.php?rest_route=%2Fwp%2Fv2%2Ftags&post=96074"}],"curies":[{"name":"wp","href":"https:\/\/api.w.org\/{rel}","templated":true}]}}