{"id":96050,"date":"2025-07-11T21:10:38","date_gmt":"2025-07-12T04:10:38","guid":{"rendered":"https:\/\/portaltactica.com\/?p=96050"},"modified":"2025-07-11T21:14:29","modified_gmt":"2025-07-12T04:14:29","slug":"protagonistas-de-las-ligas-imdem-de-basquetbol-y-softbol-arman-una-fiesta-en-la-ceremonia-de-clausura","status":"publish","type":"post","link":"https:\/\/portaltactica.com\/?p=96050","title":{"rendered":"Protagonistas de las Ligas Imdem de Basquetbol y Softbol arman una fiesta en la ceremonia de clausura"},"content":{"rendered":"\n<p>Con el apoyo del Gobierno de Mazatl\u00e1n, el Instituto Municipal del Deporte lleva a cabo la premiaci\u00f3n de los circuitos que movilizaron alrededor de mil deportistas.<br><br><br>Mazatl\u00e1n, Sinaloa a 11 de julio de 2025.- Los protagonistas de la Liga Imdem de Basquetbol y la Liga Imdem de Softbol, se reunieron en la Unidad Deportiva Benito Ju\u00e1rez, para celebrar la clausura de las temporadas 2024-2025 del circuito que moviliz\u00f3 alrededor de mil participantes, con el apoyo del Gobierno de Mazatl\u00e1n que encabeza la Presidenta Municipal Estrella Palacios Dom\u00ednguez. <br><br>Tras sortear el sinuoso camino hacia la gloria, los jugadores, acompa\u00f1ados por sus mam\u00e1s, pap\u00e1s, hermanos, primos y amigos, hicieron toda una fiesta de la ceremonia de premiaci\u00f3n que incluy\u00f3 medallas, trofeos y reconocimientos. <br><br>&#8220;\u00bfPor qu\u00e9 hemos creado las ligas Imdem? Por un primer objetivo: ser parte del proceso formativo de todos nuestros atletas en el municipio y creo que lo hemos logrado. Un segundo, que sea un escaparate donde todos nuestros atletas tengan la oportunidad de ser elegibles y ser parte de Selecci\u00f3n Mazatl\u00e1n&#8221;, expres\u00f3 Fabiola Judith Verde Rosas, directora del Instituto Municipal del Deporte Mazatl\u00e1n. <br><br>El encuentro entre los mejores conjuntos y deportistas que se labran un camino dentro de la cultura f\u00edsica, tuvo varios momentos para el recuerdo como lazos de amistad que se consolidaron.<br><br>Adem\u00e1s de la directora del Imdem, la clausura estuvo engalanada con la presencia de Ram\u00f3n Aguirre, presidente del Comit\u00e9 Municipal de Basquetbol; Marlen Garc\u00eda Venegas, coordinadora de Ligas y Clubes del Instituto Municipal del Deporte Mazatl\u00e1n; Jos\u00e9 \u00c1ngel Vega Salcido, coordinador de Deporte Federado del Instituto; Jos\u00e9 Ontiveros Pe\u00f1uelas, coordinador de Promoci\u00f3n Deportiva del Imdem; as\u00ed como Jes\u00fas R\u00edos Ortega, coordinador de Eventos Deportivos del Instituto.<\/p>\n<div class='share-to-whatsapp-wrapper'><div class='share-on-whsp'>Share on: <\/div><a data-text='Protagonistas de las Ligas Imdem de Basquetbol y Softbol arman una fiesta en la ceremonia de clausura' data-link='https:\/\/portaltactica.com\/?p=96050' class='whatsapp-button whatsapp-share'>WhatsApp<\/a><div class='clear '><\/div><\/div>","protected":false},"excerpt":{"rendered":"<p>Con el apoyo del Gobierno de Mazatl\u00e1n, el Instituto Municipal del Deporte lleva a cabo la premiaci\u00f3n de los circuitos que&hellip;<\/p>\n","protected":false},"author":1,"featured_media":96049,"comment_status":"closed","ping_status":"","sticky":false,"template":"","format":"standard","meta":{"advanced_seo_description":"","jetpack_seo_html_title":"","jetpack_seo_noindex":false,"_jetpack_memberships_contains_paid_content":false,"footnotes":"","jetpack_publicize_message":"","jetpack_publicize_feature_enabled":true,"jetpack_social_post_already_shared":true,"jetpack_social_options":{"image_generator_settings":{"template":"highway","default_image_id":0,"font":"","enabled":false},"version":2}},"categories":[1899],"tags":[37],"class_list":["post-96050","post","type-post","status-publish","format-standard","has-post-thumbnail","hentry","category-destacado-mazatlan","tag-imdem"],"jetpack_publicize_connections":[],"jetpack_featured_media_url":"https:\/\/portaltactica.com\/wp-content\/uploads\/2025\/07\/FB_IMG_1752293639309.jpg","jetpack_sharing_enabled":true,"_links":{"self":[{"href":"https:\/\/portaltactica.com\/index.php?rest_route=\/wp\/v2\/posts\/96050","targetHints":{"allow":["GET"]}}],"collection":[{"href":"https:\/\/portaltactica.com\/index.php?rest_route=\/wp\/v2\/posts"}],"about":[{"href":"https:\/\/portaltactica.com\/index.php?rest_route=\/wp\/v2\/types\/post"}],"author":[{"embeddable":true,"href":"https:\/\/portaltactica.com\/index.php?rest_route=\/wp\/v2\/users\/1"}],"replies":[{"embeddable":true,"href":"https:\/\/portaltactica.com\/index.php?rest_route=%2Fwp%2Fv2%2Fcomments&post=96050"}],"version-history":[{"count":1,"href":"https:\/\/portaltactica.com\/index.php?rest_route=\/wp\/v2\/posts\/96050\/revisions"}],"predecessor-version":[{"id":96051,"href":"https:\/\/portaltactica.com\/index.php?rest_route=\/wp\/v2\/posts\/96050\/revisions\/96051"}],"wp:featuredmedia":[{"embeddable":true,"href":"https:\/\/portaltactica.com\/index.php?rest_route=\/wp\/v2\/media\/96049"}],"wp:attachment":[{"href":"https:\/\/portaltactica.com\/index.php?rest_route=%2Fwp%2Fv2%2Fmedia&parent=96050"}],"wp:term":[{"taxonomy":"category","embeddable":true,"href":"https:\/\/portaltactica.com\/index.php?rest_route=%2Fwp%2Fv2%2Fcategories&post=96050"},{"taxonomy":"post_tag","embeddable":true,"href":"https:\/\/portaltactica.com\/index.php?rest_route=%2Fwp%2Fv2%2Ftags&post=96050"}],"curies":[{"name":"wp","href":"https:\/\/api.w.org\/{rel}","templated":true}]}}