{"id":95989,"date":"2025-07-10T08:18:38","date_gmt":"2025-07-10T15:18:38","guid":{"rendered":"https:\/\/portaltactica.com\/?p=95989"},"modified":"2025-07-10T08:18:41","modified_gmt":"2025-07-10T15:18:41","slug":"el-arquero-aleman-sigue-firme-ter-stegen-no-contempla-dejar-al-barcelona","status":"publish","type":"post","link":"https:\/\/portaltactica.com\/?p=95989","title":{"rendered":"El arquero alem\u00e1n sigue firme: Ter Stegen no contempla dejar al Barcelona"},"content":{"rendered":"\n<p><strong>Marc-Andr\u00e9 ter Stegen<\/strong>\u00a0se sabe en el centro del complicado escenario en la\u00a0<strong>porter\u00eda del\u00a0Barcelona<\/strong>. Es consciente de su posici\u00f3n de debilidad tras el\u00a0fichaje\u00a0de\u00a0Joan Garc\u00eda, llamado a ser el titular, pero no por ello se deja intimidar.<\/p>\n\n\n\n<p>Primer capit\u00e1n de la plantilla y\u00a0bajo contrato\u00a0por otras tres temporadas,\u00a0<strong>Ter Stegen adelant\u00f3 tambi\u00e9n su regreso a la actividad<\/strong>\u00a0y empez\u00f3 a trabajar en la ciudad deportiva del\u00a0<strong>Barcelona\u00a0<\/strong>tres d\u00edas antes de comenzar la pretemporada.<\/p>\n\n\n\n<p>El Barcelona mantiene un prudente silencio en cuanto a la situaci\u00f3n de Ter Stegen y aunque no es un secreto que su marcha ser\u00eda recibida como la mejor noticia para la entidad, respetar\u00e1.<\/p>\n\n\n\n<p>De momento se espera que mantenga una reuni\u00f3n, aunque no est\u00e1 confirmada, con Hansi Flick (no se descartar\u00eda la presencia de Deco) en la que el entrenador le deje saber sus\u00a0intenciones, toda vez que apost\u00e1ndose por la titularidad de Garcia, la\u00a0renovaci\u00f3n\u00a0de\u00a0Wojciech Szczesny\u00a0hasta 2027 (aunque la segunda temporada es opcional) le deja en una dif\u00edcil situaci\u00f3n.<\/p>\n\n\n\n<p>Ter Stegen se encontr\u00f3 en la ciudad deportiva con\u00a0Gavi,\u00a0Ronald Ara\u00fajo,\u00a0Hector Fort,\u00a0Andreas Christensen,\u00a0Marc Bernal&#8230; y Joan Garcia, quien comenz\u00f3 a trabajar en el gimnasio tres d\u00edas antes.<\/p>\n\n\n\n<p>En las instalaciones el alem\u00e1n coincidi\u00f3 tambi\u00e9n con Toni Tapalovic, t\u00e9cnico asistente de Flick, y con Jos\u00e9 Ramon de la Fuente, entrenador de porteros de la plantilla desde 2012 y con el que mantiene una relaci\u00f3n muy estrecha.<\/p>\n\n\n\n<p>El capit\u00e1n, ya recuperado de la\u00a0lesi\u00f3n\u00a0que le dej\u00f3 pr\u00e1cticamente toda la temporada de baja, ha mantenido silencio en las \u00faltimas semanas y solo se manifest\u00f3, desde la concentraci\u00f3n de la selecci\u00f3n de\u00a0Alemania, para anunciar su intenci\u00f3n, indiscutible, de permanecer en el club. &#8220;La pr\u00f3xima temporada estar\u00e9 en el Bar\u00e7a. No se me ha planteado otra cosa desde el club y no me preocupa&#8221; sentenci\u00f3, una opini\u00f3n que al cabo de un mes no ha variado.<\/p>\n\n\n\n<p>Titular en la selecci\u00f3n alemana, Ter Stegen conserva el reto de mantener ese rol en el Mundial de 2026 pero para ello se entiende imprescindible jugar con regularidad durante la temporada, algo que, de entrada, se aventura dif\u00edcil en el Bar\u00e7a. A partir de aqu\u00ed se espera al desarrollo de la pretemporada para conocer cualquier decisi\u00f3n del portero.<\/p>\n\n\n\n<p>A sus 33 a\u00f1os y con uno de los salarios &#8216;de la parte alta&#8217; de la plantilla, el capit\u00e1n es el segundo portero con m\u00e1s partidos en la historia del club azulgrana, con 422 apariciones y solo por detr\u00e1s de las 535 de V\u00edctor Vald\u00e9s. Es, tambi\u00e9n, el segundo extranjero por detr\u00e1s del inalcanzable (778 encuentros)\u00a0Lionel Messi\u00a0y mantiene contrato hasta junio de 2028, no estando, de entrada, dispuesto a negociar su rescisi\u00f3n.<\/p>\n\n\n\n<p><\/p>\n\n\n\n<p style=\"font-size:10px\"><em>Fuente: ESPN.<\/em><\/p>\n<div class='share-to-whatsapp-wrapper'><div class='share-on-whsp'>Share on: <\/div><a data-text='El arquero alem\u00e1n sigue firme: Ter Stegen no contempla dejar al Barcelona' data-link='https:\/\/portaltactica.com\/?p=95989' class='whatsapp-button whatsapp-share'>WhatsApp<\/a><div class='clear '><\/div><\/div>","protected":false},"excerpt":{"rendered":"<p>Marc-Andr\u00e9 ter Stegen\u00a0se sabe en el centro del complicado escenario en la\u00a0porter\u00eda del\u00a0Barcelona. Es consciente de su posici\u00f3n de debilidad tras&hellip;<\/p>\n","protected":false},"author":2,"featured_media":95990,"comment_status":"closed","ping_status":"closed","sticky":false,"template":"","format":"standard","meta":{"advanced_seo_description":"","jetpack_seo_html_title":"","jetpack_seo_noindex":false,"_jetpack_memberships_contains_paid_content":false,"footnotes":"","jetpack_publicize_message":"","jetpack_publicize_feature_enabled":true,"jetpack_social_post_already_shared":true,"jetpack_social_options":{"image_generator_settings":{"template":"highway","default_image_id":0,"font":"","enabled":false},"version":2}},"categories":[1898],"tags":[],"class_list":["post-95989","post","type-post","status-publish","format-standard","has-post-thumbnail","hentry","category-destacado-internacional"],"jetpack_publicize_connections":[],"jetpack_featured_media_url":"https:\/\/portaltactica.com\/wp-content\/uploads\/2025\/07\/2-8.jpg","jetpack_sharing_enabled":true,"_links":{"self":[{"href":"https:\/\/portaltactica.com\/index.php?rest_route=\/wp\/v2\/posts\/95989","targetHints":{"allow":["GET"]}}],"collection":[{"href":"https:\/\/portaltactica.com\/index.php?rest_route=\/wp\/v2\/posts"}],"about":[{"href":"https:\/\/portaltactica.com\/index.php?rest_route=\/wp\/v2\/types\/post"}],"author":[{"embeddable":true,"href":"https:\/\/portaltactica.com\/index.php?rest_route=\/wp\/v2\/users\/2"}],"replies":[{"embeddable":true,"href":"https:\/\/portaltactica.com\/index.php?rest_route=%2Fwp%2Fv2%2Fcomments&post=95989"}],"version-history":[{"count":1,"href":"https:\/\/portaltactica.com\/index.php?rest_route=\/wp\/v2\/posts\/95989\/revisions"}],"predecessor-version":[{"id":95991,"href":"https:\/\/portaltactica.com\/index.php?rest_route=\/wp\/v2\/posts\/95989\/revisions\/95991"}],"wp:featuredmedia":[{"embeddable":true,"href":"https:\/\/portaltactica.com\/index.php?rest_route=\/wp\/v2\/media\/95990"}],"wp:attachment":[{"href":"https:\/\/portaltactica.com\/index.php?rest_route=%2Fwp%2Fv2%2Fmedia&parent=95989"}],"wp:term":[{"taxonomy":"category","embeddable":true,"href":"https:\/\/portaltactica.com\/index.php?rest_route=%2Fwp%2Fv2%2Fcategories&post=95989"},{"taxonomy":"post_tag","embeddable":true,"href":"https:\/\/portaltactica.com\/index.php?rest_route=%2Fwp%2Fv2%2Ftags&post=95989"}],"curies":[{"name":"wp","href":"https:\/\/api.w.org\/{rel}","templated":true}]}}