{"id":95718,"date":"2025-06-30T12:07:18","date_gmt":"2025-06-30T19:07:18","guid":{"rendered":"https:\/\/portaltactica.com\/?p=95718"},"modified":"2025-06-30T12:07:50","modified_gmt":"2025-06-30T19:07:50","slug":"regreso-confirmado-chicote-calderon-vuelve-al-necaxa-tras-su-paso-por-america","status":"publish","type":"post","link":"https:\/\/portaltactica.com\/?p=95718","title":{"rendered":"\u00a1Regreso confirmado! Chicote Calder\u00f3n vuelve al Necaxa tras su paso por Am\u00e9rica"},"content":{"rendered":"\n<p>Dos semanas faltan para el inicio del\u00a0<strong>Apertura 2025<\/strong>\u00a0y el mercado de fichajes se sigue moviendo.\u00a0<strong>Am\u00e9rica\u00a0<\/strong>ha sido protagonista en d\u00edas recientes y est\u00e1 por despedirse de un jugador que volver\u00e1 a\u00a0<strong>Necaxa<\/strong>.\u00a0<\/p>\n\n\n\n<p>Se trata de\u00a0<strong>Cristian &#8216;Chicote&#8217; Calder\u00f3n<\/strong>, quien, de acuerdo con informaci\u00f3n de Carlos Ponce de Le\u00f3n, se perfila para salir de Coapa despu\u00e9s de un a\u00f1o y medio. Su destino est\u00e1 en Aguascalientes, donde pudo consolidarse en la\u00a0<strong>Liga MX<\/strong>.\u00a0<\/p>\n\n\n\n<h2 class=\"wp-block-heading\">Llegada de Sanabria le abre las puestas a Calder\u00f3n<\/h2>\n\n\n\n<p>Ante la inminente llegada de&nbsp;<strong>Juan Manuel Sanabria<\/strong>&nbsp;al club azulcrema, Chicote tom\u00f3 la decisi\u00f3n de poner fin a su ciclo con las \u00c1guilas. Su traspaso con Necaxa est\u00e1 por cerrarse, seg\u00fan la informaci\u00f3n de Ponce de Le\u00f3n.&nbsp;<\/p>\n\n\n\n<p>Calder\u00f3n se marcha de Am\u00e9rica con 69 partidos disputados, dos goles y dos asistencias desde el&nbsp;<strong>Clausura 2024<\/strong>&nbsp;hasta el pasado&nbsp;<strong>Clausura 2025<\/strong>. Tiene dos campeonatos de Liga MX con Am\u00e9rica (Clausura y&nbsp;<strong>Apertura 2024<\/strong>), adem\u00e1s del&nbsp;<strong>Campe\u00f3n de Campeones,<\/strong>&nbsp;la&nbsp;<strong>Supercopa de la Liga MX<\/strong>&nbsp;y la&nbsp;<strong>Campeones Cup de 2024.<\/strong>&nbsp;<\/p>\n\n\n\n<h2 class=\"wp-block-heading\">Calder\u00f3n regresa a Necaxa, donde brill\u00f3 hace a\u00f1os&nbsp;<\/h2>\n\n\n\n<p>Aunque su debut en Primera Divisi\u00f3n se dio con&nbsp;<strong>Atlas<\/strong>, fue con los Rayos que el lateral vivi\u00f3 mejores momentos. Con apenas 37 partidos, 36 de liga y uno de Supercopa, meti\u00f3 diez goles y dio tres asistencias entre el&nbsp;<strong>Clausura 2019<\/strong>&nbsp;y&nbsp;<strong>Apertura 2019<\/strong>. Ello le vali\u00f3 un traspaso de 7.2 millones de euros a&nbsp;<strong>Chivas<\/strong>.<\/p>\n\n\n\n<p>Sin embargo, con el Reba\u00f1o fue m\u00e1s irregular. Aunque marc\u00f3 los mismos diez goles que con Necaxa, lo hizo a lo largo de 111 partidos, en los que tambi\u00e9n tuvo ocho asistencias. Por ello, termin\u00f3 por salir a Am\u00e9rica en el mercado de invierno previo al Clausura 2024.&nbsp;<\/p>\n<div class='share-to-whatsapp-wrapper'><div class='share-on-whsp'>Share on: <\/div><a data-text='\u00a1Regreso confirmado! Chicote Calder\u00f3n vuelve al Necaxa tras su paso por Am\u00e9rica' data-link='https:\/\/portaltactica.com\/?p=95718' class='whatsapp-button whatsapp-share'>WhatsApp<\/a><div class='clear '><\/div><\/div>","protected":false},"excerpt":{"rendered":"<p>Dos semanas faltan para el inicio del\u00a0Apertura 2025\u00a0y el mercado de fichajes se sigue moviendo.\u00a0Am\u00e9rica\u00a0ha sido protagonista en d\u00edas recientes y&hellip;<\/p>\n","protected":false},"author":2,"featured_media":95719,"comment_status":"closed","ping_status":"closed","sticky":false,"template":"","format":"standard","meta":{"advanced_seo_description":"","jetpack_seo_html_title":"","jetpack_seo_noindex":false,"_jetpack_memberships_contains_paid_content":false,"footnotes":"","jetpack_publicize_message":"","jetpack_publicize_feature_enabled":true,"jetpack_social_post_already_shared":true,"jetpack_social_options":{"image_generator_settings":{"template":"highway","default_image_id":0,"font":"","enabled":false},"version":2}},"categories":[1897],"tags":[],"class_list":["post-95718","post","type-post","status-publish","format-standard","has-post-thumbnail","hentry","category-destacado-nacional"],"jetpack_publicize_connections":[],"jetpack_featured_media_url":"https:\/\/portaltactica.com\/wp-content\/uploads\/2025\/06\/5-15-scaled.jpg","jetpack_sharing_enabled":true,"_links":{"self":[{"href":"https:\/\/portaltactica.com\/index.php?rest_route=\/wp\/v2\/posts\/95718","targetHints":{"allow":["GET"]}}],"collection":[{"href":"https:\/\/portaltactica.com\/index.php?rest_route=\/wp\/v2\/posts"}],"about":[{"href":"https:\/\/portaltactica.com\/index.php?rest_route=\/wp\/v2\/types\/post"}],"author":[{"embeddable":true,"href":"https:\/\/portaltactica.com\/index.php?rest_route=\/wp\/v2\/users\/2"}],"replies":[{"embeddable":true,"href":"https:\/\/portaltactica.com\/index.php?rest_route=%2Fwp%2Fv2%2Fcomments&post=95718"}],"version-history":[{"count":1,"href":"https:\/\/portaltactica.com\/index.php?rest_route=\/wp\/v2\/posts\/95718\/revisions"}],"predecessor-version":[{"id":95720,"href":"https:\/\/portaltactica.com\/index.php?rest_route=\/wp\/v2\/posts\/95718\/revisions\/95720"}],"wp:featuredmedia":[{"embeddable":true,"href":"https:\/\/portaltactica.com\/index.php?rest_route=\/wp\/v2\/media\/95719"}],"wp:attachment":[{"href":"https:\/\/portaltactica.com\/index.php?rest_route=%2Fwp%2Fv2%2Fmedia&parent=95718"}],"wp:term":[{"taxonomy":"category","embeddable":true,"href":"https:\/\/portaltactica.com\/index.php?rest_route=%2Fwp%2Fv2%2Fcategories&post=95718"},{"taxonomy":"post_tag","embeddable":true,"href":"https:\/\/portaltactica.com\/index.php?rest_route=%2Fwp%2Fv2%2Ftags&post=95718"}],"curies":[{"name":"wp","href":"https:\/\/api.w.org\/{rel}","templated":true}]}}