{"id":95698,"date":"2025-06-28T10:48:55","date_gmt":"2025-06-28T17:48:55","guid":{"rendered":"https:\/\/portaltactica.com\/?p=95698"},"modified":"2025-06-28T10:48:57","modified_gmt":"2025-06-28T17:48:57","slug":"se-van-milan-oficializa-la-salida-de-dos-refuerzos-del-torneo-anterior","status":"publish","type":"post","link":"https:\/\/portaltactica.com\/?p=95698","title":{"rendered":"\u00a1Se van! Milan oficializa la salida de dos refuerzos del torneo anterior"},"content":{"rendered":"\n<p>La pasada temporada para\u00a0<strong>AC Milan<\/strong>\u00a0fue una verdadera pesadilla, ya que perdieron t\u00edtulos y no lograron puestos en competiciones europeas. Algo de lo que m\u00e1s decepcion\u00f3 a los aficionados del conjunto Rossonero, fueron ciertos fichajes, pues varios jugadores como\u00a0<strong>Joao F\u00e9lix<\/strong>\u00a0y\u00a0<strong>Kyle Walker<\/strong>\u00a0no dieron el ancho.<\/p>\n\n\n\n<p>Justo esos dos jugadores, no continuar\u00e1n con el conjunto Rossonero. Ambos futbolistas aterrizaron en San Siro en enero, por lo que la temporada ilusion\u00f3 a m\u00e1s de un aficionado de Il Diavolo, sin embargo, Walker no fue el jugador que siempre fue con&nbsp;<strong>Manchester City<\/strong>&nbsp;y F\u00e9lix qued\u00f3 relegado.<\/p>\n\n\n\n<p>Por medio de las redes sociales del club, se inform\u00f3 la salida de ambos jugadores.&nbsp;<strong>&#8220;\u00a1Ha sido un placer, Kyle!&#8221; y &#8220;\u00a1Todo lo mejor para el futuro, Jo\u00e3o!&#8221;<\/strong>, public\u00f3 el conjunto del AC Milan en su perfil de X.<\/p>\n\n\n\n<p>Walker tendr\u00e1 que regresar al&nbsp;<strong>Manchester City<\/strong>&nbsp;y&nbsp;<strong>Joao F\u00e9lix<\/strong>&nbsp;a&nbsp;<strong>Chelsea<\/strong>, pues el ingl\u00e9s ten\u00eda una opci\u00f3n a compra que no fue efectuada, y el portugu\u00e9s solo era un pr\u00e9stamo de seis meses con el equipo italiano.<\/p>\n\n\n\n<h2 class=\"wp-block-heading\">Reestructuraci\u00f3n del AC Milan<\/h2>\n\n\n\n<p>Desde las oficinas de San Siro, la reestructuraci\u00f3n del conjunto Rossoneri comenz\u00f3 en el banquillo.&nbsp;<strong>Massimiliano Allegri<\/strong>&nbsp;lleg\u00f3 al conjunto del&nbsp;<strong>AC Milan<\/strong>, para cambiar el rumbo a un equipo hist\u00f3rico que parece dormido.<\/p>\n\n\n\n<p>Ahora,&nbsp;<strong>Santiago Gim\u00e9nez<\/strong>&nbsp;tendr\u00e1 que volver a ganarse un lugar en una de las instituciones m\u00e1s hist\u00f3ricas. AC Milan buscar\u00e1 un mejor accionar que el de la temporada pasada, comenzando por la gloria Europea.<\/p>\n<div class='share-to-whatsapp-wrapper'><div class='share-on-whsp'>Share on: <\/div><a data-text='\u00a1Se van! Milan oficializa la salida de dos refuerzos del torneo anterior' data-link='https:\/\/portaltactica.com\/?p=95698' class='whatsapp-button whatsapp-share'>WhatsApp<\/a><div class='clear '><\/div><\/div>","protected":false},"excerpt":{"rendered":"<p>La pasada temporada para\u00a0AC Milan\u00a0fue una verdadera pesadilla, ya que perdieron t\u00edtulos y no lograron puestos en competiciones europeas. Algo de&hellip;<\/p>\n","protected":false},"author":2,"featured_media":95699,"comment_status":"closed","ping_status":"closed","sticky":false,"template":"","format":"standard","meta":{"advanced_seo_description":"","jetpack_seo_html_title":"","jetpack_seo_noindex":false,"_jetpack_memberships_contains_paid_content":false,"footnotes":"","jetpack_publicize_message":"","jetpack_publicize_feature_enabled":true,"jetpack_social_post_already_shared":true,"jetpack_social_options":{"image_generator_settings":{"template":"highway","default_image_id":0,"font":"","enabled":false},"version":2}},"categories":[1898],"tags":[],"class_list":["post-95698","post","type-post","status-publish","format-standard","has-post-thumbnail","hentry","category-destacado-internacional"],"jetpack_publicize_connections":[],"jetpack_featured_media_url":"https:\/\/portaltactica.com\/wp-content\/uploads\/2025\/06\/4-17.jpg","jetpack_sharing_enabled":true,"_links":{"self":[{"href":"https:\/\/portaltactica.com\/index.php?rest_route=\/wp\/v2\/posts\/95698","targetHints":{"allow":["GET"]}}],"collection":[{"href":"https:\/\/portaltactica.com\/index.php?rest_route=\/wp\/v2\/posts"}],"about":[{"href":"https:\/\/portaltactica.com\/index.php?rest_route=\/wp\/v2\/types\/post"}],"author":[{"embeddable":true,"href":"https:\/\/portaltactica.com\/index.php?rest_route=\/wp\/v2\/users\/2"}],"replies":[{"embeddable":true,"href":"https:\/\/portaltactica.com\/index.php?rest_route=%2Fwp%2Fv2%2Fcomments&post=95698"}],"version-history":[{"count":1,"href":"https:\/\/portaltactica.com\/index.php?rest_route=\/wp\/v2\/posts\/95698\/revisions"}],"predecessor-version":[{"id":95700,"href":"https:\/\/portaltactica.com\/index.php?rest_route=\/wp\/v2\/posts\/95698\/revisions\/95700"}],"wp:featuredmedia":[{"embeddable":true,"href":"https:\/\/portaltactica.com\/index.php?rest_route=\/wp\/v2\/media\/95699"}],"wp:attachment":[{"href":"https:\/\/portaltactica.com\/index.php?rest_route=%2Fwp%2Fv2%2Fmedia&parent=95698"}],"wp:term":[{"taxonomy":"category","embeddable":true,"href":"https:\/\/portaltactica.com\/index.php?rest_route=%2Fwp%2Fv2%2Fcategories&post=95698"},{"taxonomy":"post_tag","embeddable":true,"href":"https:\/\/portaltactica.com\/index.php?rest_route=%2Fwp%2Fv2%2Ftags&post=95698"}],"curies":[{"name":"wp","href":"https:\/\/api.w.org\/{rel}","templated":true}]}}