{"id":95663,"date":"2025-06-27T09:35:39","date_gmt":"2025-06-27T16:35:39","guid":{"rendered":"https:\/\/portaltactica.com\/?p=95663"},"modified":"2025-06-27T09:35:42","modified_gmt":"2025-06-27T16:35:42","slug":"ascenso-y-descenso-ya-se-discuten-en-el-congreso-tepatitlan-se-une-al-movimiento","status":"publish","type":"post","link":"https:\/\/portaltactica.com\/?p=95663","title":{"rendered":"Ascenso y descenso ya se discuten en el Congreso; Tepatitl\u00e1n se une al movimiento"},"content":{"rendered":"\n<p>El pr\u00f3ximo lunes 30 de junio, el tema que divide al futbol mexicano llegar\u00e1 a la\u00a0<strong>C\u00e1mara de Diputados<\/strong>. Los legisladores han extendido una invitaci\u00f3n a los ahora siete clubes que llevan su lucha ante el Tribunal de Arbitraje Deportivo (<strong>TAS<\/strong>) para analizar el futuro del\u00a0ascenso\u00a0y descenso, con un invitado inesperado que se une a la lucha:\u00a0<strong>Tepatitl\u00e1n<\/strong>.<\/p>\n\n\n\n<p>Se espera la presencia en&nbsp;<strong>San L\u00e1zaro<\/strong>&nbsp;de los clubes Leones Negros, Atl\u00e9tico Morelia, Canc\u00fan FC, Atl\u00e9tico La Paz, Mineros de Zacatecas, Venados y con la sorpresa de&nbsp;<strong>Alte\u00f1os<\/strong>, que durante el proceso se mantuvieron al margen de la situaci\u00f3n y hace poco termin\u00f3 su compromiso profesional con el&nbsp;<strong>Racing de Veracruz<\/strong>.<\/p>\n\n\n\n<p>En d\u00edas recientes,&nbsp;<strong>Clemente Casta\u00f1eda,<\/strong>&nbsp;coordinador de Movimiento Ciudadano, reiter\u00f3 que el Senado est\u00e1 dispuesto a intervenir, al considerar que el sistema actual de la Federaci\u00f3n Mexicana de F\u00fatbol (<strong>FMF<\/strong>) bloquea el desarrollo de una competencia justa y limita las oportunidades de los equipos de la&nbsp;<strong>Liga de Expansi\u00f3n.<\/strong><\/p>\n\n\n\n<p>Aunque la FMF es un organismo privado con normas propias, el Congreso de la Uni\u00f3n tiene la facultad de emitir exhortos, recomendaciones e incluso avanzar en propuestas de ley cuando se trata de asuntos que impactan en el inter\u00e9s general, como el impulso al deporte,&nbsp;<strong>el derecho a la pr\u00e1ctica deportiva<\/strong>&nbsp;y el acceso de los j\u00f3venes a espacios donde puedan forjarse como profesionales.<\/p>\n\n\n\n<p>Esta cita en el Congreso ocurre en medio de un entorno enredado: tras la reciente<strong>&nbsp;Asamblea de due\u00f1os<\/strong>&nbsp;y la falta de un pronunciamiento claro de la FMF, persisten las dudas en torno al futuro de Celaya, Cimarrones y el&nbsp;<a href=\"https:\/\/www.mediotiempo.com\/futbol\/liga-de-expansion-mx\/veracruz-no-volvera-liga-de-expansion-irapuato-si-llega\">regreso de Irapuato<\/a>, mientras las decisiones sobre mudanzas y certificaciones siguen en el aire. Este problema es la raz\u00f3n por la que no han podido anunciar el calendario de juegos del&nbsp;<strong>Apertura 2025<\/strong>&nbsp;en la Liga de Expansi\u00f3n.<\/p>\n\n\n\n<p>El llamado est\u00e1 hecho. Los clubes ya dieron el primer paso y ahora el Congreso tendr\u00e1 que decidir si se limita a escuchar o trata de influir en que las palabras sean acciones que cambien las reglas del juego.<\/p>\n\n\n\n<h2 class=\"wp-block-heading\">Jugadores se suman al reclamo<\/h2>\n\n\n\n<p>En el f\u00fatbol mexicano, cuando las cosas se tuercen, las batallas suelen pelearse detr\u00e1s de un escritorio. Pero esta vez es distinto: los protagonistas que sudan la camiseta est\u00e1n rompiendo el silencio y poniendo&nbsp;<strong>el coraz\u00f3n sobre la mesa<\/strong>. Los jugadores de la Liga de Expansi\u00f3n alzan la voz y se plantan firmes: el regreso del ascenso y descenso ya no es solo un reclamo de los de traje, es un grito que nace desde el vestidor.<\/p>\n\n\n\n<p>A trav\u00e9s de mensajes en redes sociales que ya circulan, los jugadores empiezan a respaldar p\u00fablicamente la apelaci\u00f3n de sus clubes ante el Tribunal de Arbitraje Deportivo (TAS), en un hecho in\u00e9dito dentro de este conflicto.<\/p>\n\n\n\n<p>Uno de los primeros en alzar la voz fue\u00a0<strong>Arturo \u2018Zully\u2019 Ledesma<\/strong>, capit\u00e1n de\u00a0Leones Negros, quien dej\u00f3 claro su sentir e hizo un llamado a la unidad entre sus compa\u00f1eros de profesi\u00f3n:<\/p>\n\n\n\n<p>\u201cEstoy a favor de que regrese el ascenso y descenso para terminar con el conformismo en el f\u00fatbol mexicano y para aspirar a seguir compitiendo en&nbsp;<strong>ligas superiores<\/strong>. Invito a mis compa\u00f1eros de todas las ligas a que se sumen para que regrese la competencia y el m\u00e9rito deportivo dentro del f\u00fatbol mexicano\u201d, expres\u00f3.<\/p>\n\n\n\n<p>Tras Ledesma, otros futbolistas como&nbsp;<strong>Jes\u00fas L\u00f3pez<\/strong>, de Mineros de Zacatecas, y Ulises Jaimes, de Club Atl\u00e9tico La Paz, tambi\u00e9n se sumaron con mensajes que refuerzan el clamor por la dignidad y la justicia deportiva, y la necesidad de recuperar el ascenso y descenso como<strong>&nbsp;motor del f\u00fatbol mexicano<\/strong>.<\/p>\n\n\n\n<p>Se\u00f1alan que la ausencia de esta competencia ha tra\u00eddo conformismo, estancamiento y ha cortado los sue\u00f1os de quienes trabajan para llegar a lo m\u00e1s alto. El mensaje es claro: los futbolistas est\u00e1n dispuestos a unirse y a ser parte de este llamado para que el m\u00e9rito deportivo vuelva a ser el camino hacia la&nbsp;<strong>Primera Divisi\u00f3n<\/strong>.<\/p>\n\n\n\n<p>Cabe recordar que la fecha l\u00edmite para entregar la documentaci\u00f3n ante el TAS est\u00e1 a punto de expirar en los \u00faltimos d\u00edas de este mes, y con ello se dar\u00e1 inicio formal al proceso de apelaci\u00f3n. Hasta el momento no hay noticias claras sobre si la Federaci\u00f3n Mexicana de Futbol ya present\u00f3 los&nbsp;<strong>documentos correspondientes<\/strong>, lo que mantiene en suspenso la resoluci\u00f3n de un conflicto que ha encendido a clubes, jugadores y afici\u00f3n.<\/p>\n\n\n\n<p>Este movimiento se suma a todo lo que ya se ha dicho en torno al tema: el respaldo directo de quienes, cada fin de semana, saltan al campo a defender los colores de sus equipos. La lucha por el&nbsp;<strong>regreso del ascenso y descenso<\/strong>&nbsp;ha dejado de ser solo una batalla institucional: se ha convertido en un llamado que nace desde quienes hacen posible que el bal\u00f3n siga rodando.<\/p>\n<div class='share-to-whatsapp-wrapper'><div class='share-on-whsp'>Share on: <\/div><a data-text='Ascenso y descenso ya se discuten en el Congreso; Tepatitl\u00e1n se une al movimiento' data-link='https:\/\/portaltactica.com\/?p=95663' class='whatsapp-button whatsapp-share'>WhatsApp<\/a><div class='clear '><\/div><\/div>","protected":false},"excerpt":{"rendered":"<p>El pr\u00f3ximo lunes 30 de junio, el tema que divide al futbol mexicano llegar\u00e1 a la\u00a0C\u00e1mara de Diputados. Los legisladores han&hellip;<\/p>\n","protected":false},"author":2,"featured_media":95664,"comment_status":"closed","ping_status":"closed","sticky":false,"template":"","format":"standard","meta":{"advanced_seo_description":"","jetpack_seo_html_title":"","jetpack_seo_noindex":false,"_jetpack_memberships_contains_paid_content":false,"footnotes":"","jetpack_publicize_message":"","jetpack_publicize_feature_enabled":true,"jetpack_social_post_already_shared":true,"jetpack_social_options":{"image_generator_settings":{"template":"highway","default_image_id":0,"font":"","enabled":false},"version":2}},"categories":[1896],"tags":[],"class_list":["post-95663","post","type-post","status-publish","format-standard","has-post-thumbnail","hentry","category-destacado-portada"],"jetpack_publicize_connections":[],"jetpack_featured_media_url":"https:\/\/portaltactica.com\/wp-content\/uploads\/2025\/06\/3-7.png","jetpack_sharing_enabled":true,"_links":{"self":[{"href":"https:\/\/portaltactica.com\/index.php?rest_route=\/wp\/v2\/posts\/95663","targetHints":{"allow":["GET"]}}],"collection":[{"href":"https:\/\/portaltactica.com\/index.php?rest_route=\/wp\/v2\/posts"}],"about":[{"href":"https:\/\/portaltactica.com\/index.php?rest_route=\/wp\/v2\/types\/post"}],"author":[{"embeddable":true,"href":"https:\/\/portaltactica.com\/index.php?rest_route=\/wp\/v2\/users\/2"}],"replies":[{"embeddable":true,"href":"https:\/\/portaltactica.com\/index.php?rest_route=%2Fwp%2Fv2%2Fcomments&post=95663"}],"version-history":[{"count":1,"href":"https:\/\/portaltactica.com\/index.php?rest_route=\/wp\/v2\/posts\/95663\/revisions"}],"predecessor-version":[{"id":95665,"href":"https:\/\/portaltactica.com\/index.php?rest_route=\/wp\/v2\/posts\/95663\/revisions\/95665"}],"wp:featuredmedia":[{"embeddable":true,"href":"https:\/\/portaltactica.com\/index.php?rest_route=\/wp\/v2\/media\/95664"}],"wp:attachment":[{"href":"https:\/\/portaltactica.com\/index.php?rest_route=%2Fwp%2Fv2%2Fmedia&parent=95663"}],"wp:term":[{"taxonomy":"category","embeddable":true,"href":"https:\/\/portaltactica.com\/index.php?rest_route=%2Fwp%2Fv2%2Fcategories&post=95663"},{"taxonomy":"post_tag","embeddable":true,"href":"https:\/\/portaltactica.com\/index.php?rest_route=%2Fwp%2Fv2%2Ftags&post=95663"}],"curies":[{"name":"wp","href":"https:\/\/api.w.org\/{rel}","templated":true}]}}