{"id":95624,"date":"2025-06-25T16:27:51","date_gmt":"2025-06-25T23:27:51","guid":{"rendered":"https:\/\/portaltactica.com\/?p=95624"},"modified":"2025-06-25T16:27:53","modified_gmt":"2025-06-25T23:27:53","slug":"kylian-mbappe-no-estara-disponible-para-el-encuentro-contra-salzburgo","status":"publish","type":"post","link":"https:\/\/portaltactica.com\/?p=95624","title":{"rendered":"Kylian Mbapp\u00e9 no estar\u00e1 disponible para el encuentro contra Salzburgo"},"content":{"rendered":"\n<p>El franc\u00e9s\u00a0<strong>Kylian Mbappe<\/strong>\u00a0regres\u00f3 a los entrenamientos con\u00a0<strong>Real Madrid\u00a0<\/strong>durante el mi\u00e9rcoles, sin embargo, ha quedado fuera de la convocatoria de\u00a0<strong>Xabi Alonso\u00a0<\/strong>para enfrentar a Salzburgo en su \u00faltimo duelo de la fase de grupos del\u00a0Mundial de Clubes.<\/p>\n\n\n\n<p>El delantero merengue regres\u00f3 a la&nbsp;<strong>actividad en gimnasio<\/strong>&nbsp;y se incorpor\u00f3 a la din\u00e1mica de grupo, pero sigue sufriendo por una gastroenteritis aguda, la cual le ha hecho&nbsp;<strong>perder peso de manera preocupante<\/strong>.<\/p>\n\n\n\n<p>Mbappe no ha podido debutar en la competici\u00f3n debido a esta enfermedad y su aparici\u00f3n podr\u00eda darse hasta los&nbsp;<strong>Octavos de Final<\/strong>, en caso de que el cuadro espa\u00f1ol consiga clasificar a&nbsp; dicha fase, recordando que se podr\u00eda jugar su boleto ante&nbsp;<strong>Salzburgo<\/strong>.<\/p>\n\n\n\n<p>La&nbsp;<strong>gastroenteritis&nbsp;<\/strong>oblig\u00f3 a que el futbolista tuviera que ser hospitalizado para que se le pudieran realizar las pruebas correspondientes, aunque fue dado de alta horas m\u00e1s tardes.<\/p>\n\n\n\n<p>Los m\u00e1s preocupante para los aficionados ha sido su\u00a0<strong>cambio f\u00edsico<\/strong>, ya que el atacante ha\u00a0perdido peso, sin embargo, su regreso a los entrenamientos es una buena se\u00f1al y se espera que su recuperaci\u00f3n sea la adecuada.<\/p>\n\n\n\n<p><strong>Asencio fuera por tarjeta roja<\/strong><\/p>\n\n\n\n<p>Otra de las ausencias que tendr\u00e1 Real Madrid para el juego contra Salzburgo, ser\u00e1 la de su canterano&nbsp;<strong>Ra\u00fal Asencio<\/strong>, quien sali\u00f3 expulsado a los siete minutos en el duelo contra Pachuca.<\/p>\n\n\n\n<p>Los merengues necesitan ganar su \u00faltimo duelo ante los austriacos para clasificar directo a Octavos de Final en el\u00a0<strong>Mundial de Clubes<\/strong>, en caso de empatar o perder, deber\u00e1n esperar el\u00a0resultado\u00a0de\u00a0<strong>Al Hilal<\/strong>, equipo que se medir\u00e1 contra Pachuca.<\/p>\n<div class='share-to-whatsapp-wrapper'><div class='share-on-whsp'>Share on: <\/div><a data-text='Kylian Mbapp\u00e9 no estar\u00e1 disponible para el encuentro contra Salzburgo' data-link='https:\/\/portaltactica.com\/?p=95624' class='whatsapp-button whatsapp-share'>WhatsApp<\/a><div class='clear '><\/div><\/div>","protected":false},"excerpt":{"rendered":"<p>El franc\u00e9s\u00a0Kylian Mbappe\u00a0regres\u00f3 a los entrenamientos con\u00a0Real Madrid\u00a0durante el mi\u00e9rcoles, sin embargo, ha quedado fuera de la convocatoria de\u00a0Xabi Alonso\u00a0para enfrentar&hellip;<\/p>\n","protected":false},"author":2,"featured_media":95625,"comment_status":"closed","ping_status":"closed","sticky":false,"template":"","format":"standard","meta":{"advanced_seo_description":"","jetpack_seo_html_title":"","jetpack_seo_noindex":false,"_jetpack_memberships_contains_paid_content":false,"footnotes":"","jetpack_publicize_message":"","jetpack_publicize_feature_enabled":true,"jetpack_social_post_already_shared":true,"jetpack_social_options":{"image_generator_settings":{"template":"highway","default_image_id":0,"font":"","enabled":false},"version":2}},"categories":[1898],"tags":[],"class_list":["post-95624","post","type-post","status-publish","format-standard","has-post-thumbnail","hentry","category-destacado-internacional"],"jetpack_publicize_connections":[],"jetpack_featured_media_url":"https:\/\/portaltactica.com\/wp-content\/uploads\/2025\/06\/9-5.png","jetpack_sharing_enabled":true,"_links":{"self":[{"href":"https:\/\/portaltactica.com\/index.php?rest_route=\/wp\/v2\/posts\/95624","targetHints":{"allow":["GET"]}}],"collection":[{"href":"https:\/\/portaltactica.com\/index.php?rest_route=\/wp\/v2\/posts"}],"about":[{"href":"https:\/\/portaltactica.com\/index.php?rest_route=\/wp\/v2\/types\/post"}],"author":[{"embeddable":true,"href":"https:\/\/portaltactica.com\/index.php?rest_route=\/wp\/v2\/users\/2"}],"replies":[{"embeddable":true,"href":"https:\/\/portaltactica.com\/index.php?rest_route=%2Fwp%2Fv2%2Fcomments&post=95624"}],"version-history":[{"count":1,"href":"https:\/\/portaltactica.com\/index.php?rest_route=\/wp\/v2\/posts\/95624\/revisions"}],"predecessor-version":[{"id":95626,"href":"https:\/\/portaltactica.com\/index.php?rest_route=\/wp\/v2\/posts\/95624\/revisions\/95626"}],"wp:featuredmedia":[{"embeddable":true,"href":"https:\/\/portaltactica.com\/index.php?rest_route=\/wp\/v2\/media\/95625"}],"wp:attachment":[{"href":"https:\/\/portaltactica.com\/index.php?rest_route=%2Fwp%2Fv2%2Fmedia&parent=95624"}],"wp:term":[{"taxonomy":"category","embeddable":true,"href":"https:\/\/portaltactica.com\/index.php?rest_route=%2Fwp%2Fv2%2Fcategories&post=95624"},{"taxonomy":"post_tag","embeddable":true,"href":"https:\/\/portaltactica.com\/index.php?rest_route=%2Fwp%2Fv2%2Ftags&post=95624"}],"curies":[{"name":"wp","href":"https:\/\/api.w.org\/{rel}","templated":true}]}}