{"id":95606,"date":"2025-06-25T11:35:23","date_gmt":"2025-06-25T18:35:23","guid":{"rendered":"https:\/\/portaltactica.com\/?p=95606"},"modified":"2025-06-25T11:35:26","modified_gmt":"2025-06-25T18:35:26","slug":"fifa-abre-investigacion-por-posible-abuso-racial-a-rudiger-en-duelo-contra-pachuca","status":"publish","type":"post","link":"https:\/\/portaltactica.com\/?p=95606","title":{"rendered":"FIFA abre investigaci\u00f3n por posible abuso racial a R\u00fcdiger en duelo contra Pachuca"},"content":{"rendered":"\n<p>La\u00a0<strong>FIFA<\/strong>\u00a0inici\u00f3 un caso disciplinario en el\u00a0<strong>Mundial de Clubes<\/strong>\u00a0despu\u00e9s de que el defensor del\u00a0<strong>Real Madrid<\/strong>,\u00a0<strong>Antonio R\u00fcdiger<\/strong>, afirm\u00f3 que fue v\u00edctima de abuso racial por parte del capit\u00e1n del\u00a0<strong>Pachuca<\/strong>,\u00a0<strong>Gustavo Cabral<\/strong>.<\/p>\n\n\n\n<p>R\u00fcdiger, quien es un futbolista alem\u00e1n de raza negra, se enfrent\u00f3 con el argentino en los minutos finales de la victoria 3-1 del Madrid el domingo en&nbsp;<strong>Charlotte, Carolina del Norte<\/strong>.<\/p>\n\n\n\n<h2 class=\"wp-block-heading\">FIFA inici\u00f3 una investigaci\u00f3n formal contra el jugador de Pachuca<\/h2>\n\n\n\n<p>Despu\u00e9s de que el jugador alem\u00e1n hablara con el \u00e1rbitro&nbsp;<strong>Ram\u00f3n Abatti<\/strong>, el oficial brasile\u00f1o hizo la se\u00f1al aprobada por la FIFA con los brazos cruzados en alto para iniciar un protocolo contra la discriminaci\u00f3n. La FIFA confirm\u00f3 el martes por la noche que abri\u00f3 una investigaci\u00f3n formal.<\/p>\n\n\n\n<p>&#8220;Tras una evaluaci\u00f3n de los informes del partido, el comit\u00e9 disciplinario de la FIFA ha abierto un procedimiento contra el jugador del Pachuca, Gustavo Cabral, en relaci\u00f3n con el incidente que lo involucra a \u00e9l y a Antonio R\u00fcdiger del Real Madrid&#8221;, dijo el organismo de f\u00fatbol.<\/p>\n\n\n\n<h2 class=\"wp-block-heading\">Sanci\u00f3n se conocer\u00eda antes del juego ante Al Hilal<\/h2>\n\n\n\n<p>Es probable que se emita un veredicto antes de que Pachuca dispute el jueves su \u00faltimo partido del Grupo H, contra el&nbsp;<strong>Al Hilal<\/strong>&nbsp;en Nashville. Ser\u00e1 el \u00faltimo partido del Pachuca en el Mundial de Clubes porque el equipo mexicano perdi\u00f3 sus dos primeros partidos y no puede terminar m\u00e1s alto que el tercer lugar en la clasificaci\u00f3n para avanzar a Octavos de Final.<\/p>\n\n\n\n<p>Cabral, de 39 a\u00f1os, ha negado la acusaci\u00f3n de racismo y dijo que us\u00f3 un insulto que es com\u00fan en su natal Argentina.<\/p>\n<div class='share-to-whatsapp-wrapper'><div class='share-on-whsp'>Share on: <\/div><a data-text='FIFA abre investigaci\u00f3n por posible abuso racial a R\u00fcdiger en duelo contra Pachuca' data-link='https:\/\/portaltactica.com\/?p=95606' class='whatsapp-button whatsapp-share'>WhatsApp<\/a><div class='clear '><\/div><\/div>","protected":false},"excerpt":{"rendered":"<p>La\u00a0FIFA\u00a0inici\u00f3 un caso disciplinario en el\u00a0Mundial de Clubes\u00a0despu\u00e9s de que el defensor del\u00a0Real Madrid,\u00a0Antonio R\u00fcdiger, afirm\u00f3 que fue v\u00edctima de abuso&hellip;<\/p>\n","protected":false},"author":2,"featured_media":95611,"comment_status":"closed","ping_status":"closed","sticky":false,"template":"","format":"standard","meta":{"advanced_seo_description":"","jetpack_seo_html_title":"","jetpack_seo_noindex":false,"_jetpack_memberships_contains_paid_content":false,"footnotes":"","jetpack_publicize_message":"","jetpack_publicize_feature_enabled":true,"jetpack_social_post_already_shared":true,"jetpack_social_options":{"image_generator_settings":{"template":"highway","default_image_id":0,"font":"","enabled":false},"version":2}},"categories":[6],"tags":[],"class_list":["post-95606","post","type-post","status-publish","format-standard","has-post-thumbnail","hentry","category-internacional"],"jetpack_publicize_connections":[],"jetpack_featured_media_url":"https:\/\/portaltactica.com\/wp-content\/uploads\/2025\/06\/5-11.jpg","jetpack_sharing_enabled":true,"_links":{"self":[{"href":"https:\/\/portaltactica.com\/index.php?rest_route=\/wp\/v2\/posts\/95606","targetHints":{"allow":["GET"]}}],"collection":[{"href":"https:\/\/portaltactica.com\/index.php?rest_route=\/wp\/v2\/posts"}],"about":[{"href":"https:\/\/portaltactica.com\/index.php?rest_route=\/wp\/v2\/types\/post"}],"author":[{"embeddable":true,"href":"https:\/\/portaltactica.com\/index.php?rest_route=\/wp\/v2\/users\/2"}],"replies":[{"embeddable":true,"href":"https:\/\/portaltactica.com\/index.php?rest_route=%2Fwp%2Fv2%2Fcomments&post=95606"}],"version-history":[{"count":1,"href":"https:\/\/portaltactica.com\/index.php?rest_route=\/wp\/v2\/posts\/95606\/revisions"}],"predecessor-version":[{"id":95612,"href":"https:\/\/portaltactica.com\/index.php?rest_route=\/wp\/v2\/posts\/95606\/revisions\/95612"}],"wp:featuredmedia":[{"embeddable":true,"href":"https:\/\/portaltactica.com\/index.php?rest_route=\/wp\/v2\/media\/95611"}],"wp:attachment":[{"href":"https:\/\/portaltactica.com\/index.php?rest_route=%2Fwp%2Fv2%2Fmedia&parent=95606"}],"wp:term":[{"taxonomy":"category","embeddable":true,"href":"https:\/\/portaltactica.com\/index.php?rest_route=%2Fwp%2Fv2%2Fcategories&post=95606"},{"taxonomy":"post_tag","embeddable":true,"href":"https:\/\/portaltactica.com\/index.php?rest_route=%2Fwp%2Fv2%2Ftags&post=95606"}],"curies":[{"name":"wp","href":"https:\/\/api.w.org\/{rel}","templated":true}]}}