{"id":95603,"date":"2025-06-25T10:45:06","date_gmt":"2025-06-25T17:45:06","guid":{"rendered":"https:\/\/portaltactica.com\/?p=95603"},"modified":"2025-06-25T10:45:09","modified_gmt":"2025-06-25T17:45:09","slug":"perez-apunta-a-la-f1-de-nuevo-no-quiero-que-mi-carrera-termine-asi","status":"publish","type":"post","link":"https:\/\/portaltactica.com\/?p=95603","title":{"rendered":"P\u00e9rez apunta a la F1 de nuevo: \u201cNo quiero que mi carrera termine as\u00ed\u201d"},"content":{"rendered":"\n<p>Aunque desde hace meses se habla mucho sobre la posibilidad de que\u00a0<strong>Sergio P\u00e9rez\u00a0retorne a la F\u00f3rmula 1<\/strong>\u00a0para la\u00a0<strong>Temporada 2026<\/strong>, fue el propio piloto mexicano quien confirm\u00f3 que<strong>\u00a0s\u00ed desea regresar\u00a0<\/strong>a la categor\u00eda reina del automovilismo.<\/p>\n\n\n\n<h2 class=\"wp-block-heading\">\u00bfCheco P\u00e9rez regresar\u00e1 a la F1?<\/h2>\n\n\n\n<p>Fue en entrevista con el podcast&nbsp;<strong><em>Desde el Paddock<\/em>&nbsp;<\/strong>en donde el tapat\u00edo habl\u00f3 de su&nbsp;<strong>futuro<\/strong>, mismo que confes\u00f3 podr\u00eda estar en la&nbsp;<strong>F1&nbsp;<\/strong>siempre y cuando tenga un<strong>&nbsp;proyecto que valga la pena&nbsp;<\/strong>y en donde pueda seguir mostrando su talento tras el volante.<\/p>\n\n\n\n<blockquote class=\"wp-block-quote is-layout-flow wp-block-quote-is-layout-flow\">\n<p><strong>\u201cS\u00ed quiero regresar a la F\u00f3rmula 1,<\/strong>&nbsp;si llega el proyecto donde sienta que tengo o debo de estar. No quiero volver a toda costa, viajando por todo el mundo como tercer piloto o esperando una oportunidad\u201d, mencion\u00f3&nbsp;<strong>Checo P\u00e9rez.<\/strong><\/p>\n<\/blockquote>\n\n\n\n<p>Asimismo, el mexicano dej\u00f3 claro que no quiere que su&nbsp;<strong>exitosa carrera en al&nbsp;<a href=\"https:\/\/www.mediotiempo.com\/automovilismo\/f1\" target=\"_blank\" rel=\"noreferrer noopener\">F1<\/a>&nbsp;<\/strong>concluya con la forma en la que&nbsp;<strong>sali\u00f3 de Red Bull,<\/strong>&nbsp;escuder\u00eda con la que ten\u00eda contrato, mismo que termin\u00f3 antes de tiempo y que oblig\u00f3 al azteca a tomar un&nbsp;<strong>a\u00f1o sab\u00e1tico.<\/strong><\/p>\n\n\n\n<blockquote class=\"wp-block-quote is-layout-flow wp-block-quote-is-layout-flow\">\n<p>\u201dHe sido muy afortunado con la carrera que tengo y&nbsp;<strong>quiero regresar porque no quiero terminar mi carrera as\u00ed<\/strong>, pero lo har\u00e9 solamente si vale la pena pagar el precio por estar en la F1, que son 24 carreras y toda una vida dedicada al deporte\u201d, dijo.<\/p>\n<\/blockquote>\n\n\n\n<h2 class=\"wp-block-heading\">\u00bfA qu\u00e9 escuder\u00eda podr\u00eda llegar Checo P\u00e9rez para 2026?<\/h2>\n\n\n\n<p>Pese a que se habla mucho sobre que\u00a0<strong>Cadillac<\/strong>,\u00a0escuder\u00eda que llegar\u00e1 a\u00a0<strong>F1 para 2026<\/strong>, podr\u00eda ser el equipo con el que<strong>\u00a0Checo P\u00e9rez<\/strong>\u00a0regrese a la m\u00e1xima categor\u00eda del automovilismo, el tapat\u00edo fue\u00a0<strong>cauteloso\u00a0<\/strong>y solo mencion\u00f3 que todo &#8220;va bien&#8221; y que ser\u00e1 en los pr\u00f3ximos meses cuando se aclare su futuro.<\/p>\n\n\n\n<blockquote class=\"wp-block-quote is-layout-flow wp-block-quote-is-layout-flow\">\n<p>\u201cVa bien (posibilidad de regresar), pero a\u00fan es temprano.<strong>&nbsp;Conforme vaya avanzando todo ser\u00e1 m\u00e1s claro y podr\u00e9 llegar a una decisi\u00f3n final.<\/strong>&nbsp;No tengo prisa, s\u00e9 que este 2025 no estar\u00e9 en la F\u00f3rmula 1 y ya veremos qu\u00e9 pasa para el siguiente a\u00f1o\u201d, mencion\u00f3.<\/p>\n<\/blockquote>\n\n\n\n<blockquote class=\"wp-block-quote is-layout-flow wp-block-quote-is-layout-flow\">\n<p>\u201cCuando miras mis a\u00f1os en Force India, en Red Bull, el impulsar al equipo carrera a carrera y&nbsp;<strong>ser un equipo ganador. Ese es el proyecto que busco, esa mentalidad y uni\u00f3n como equipo<\/strong>, m\u00e1s que cualquier trofeo, encontrar ese proyecto en el que el piloto est\u00e1 motivado\u201d, agreg\u00f3.<\/p>\n<\/blockquote>\n<div class='share-to-whatsapp-wrapper'><div class='share-on-whsp'>Share on: <\/div><a data-text='P\u00e9rez apunta a la F1 de nuevo: \u201cNo quiero que mi carrera termine as\u00ed\u201d' data-link='https:\/\/portaltactica.com\/?p=95603' class='whatsapp-button whatsapp-share'>WhatsApp<\/a><div class='clear '><\/div><\/div>","protected":false},"excerpt":{"rendered":"<p>Aunque desde hace meses se habla mucho sobre la posibilidad de que\u00a0Sergio P\u00e9rez\u00a0retorne a la F\u00f3rmula 1\u00a0para la\u00a0Temporada 2026, fue el&hellip;<\/p>\n","protected":false},"author":2,"featured_media":95604,"comment_status":"closed","ping_status":"closed","sticky":false,"template":"","format":"standard","meta":{"advanced_seo_description":"","jetpack_seo_html_title":"","jetpack_seo_noindex":false,"_jetpack_memberships_contains_paid_content":false,"footnotes":"","jetpack_publicize_message":"","jetpack_publicize_feature_enabled":true,"jetpack_social_post_already_shared":true,"jetpack_social_options":{"image_generator_settings":{"template":"highway","default_image_id":0,"font":"","enabled":false},"version":2}},"categories":[1896],"tags":[],"class_list":["post-95603","post","type-post","status-publish","format-standard","has-post-thumbnail","hentry","category-destacado-portada"],"jetpack_publicize_connections":[],"jetpack_featured_media_url":"https:\/\/portaltactica.com\/wp-content\/uploads\/2025\/06\/4-14.jpg","jetpack_sharing_enabled":true,"_links":{"self":[{"href":"https:\/\/portaltactica.com\/index.php?rest_route=\/wp\/v2\/posts\/95603","targetHints":{"allow":["GET"]}}],"collection":[{"href":"https:\/\/portaltactica.com\/index.php?rest_route=\/wp\/v2\/posts"}],"about":[{"href":"https:\/\/portaltactica.com\/index.php?rest_route=\/wp\/v2\/types\/post"}],"author":[{"embeddable":true,"href":"https:\/\/portaltactica.com\/index.php?rest_route=\/wp\/v2\/users\/2"}],"replies":[{"embeddable":true,"href":"https:\/\/portaltactica.com\/index.php?rest_route=%2Fwp%2Fv2%2Fcomments&post=95603"}],"version-history":[{"count":1,"href":"https:\/\/portaltactica.com\/index.php?rest_route=\/wp\/v2\/posts\/95603\/revisions"}],"predecessor-version":[{"id":95605,"href":"https:\/\/portaltactica.com\/index.php?rest_route=\/wp\/v2\/posts\/95603\/revisions\/95605"}],"wp:featuredmedia":[{"embeddable":true,"href":"https:\/\/portaltactica.com\/index.php?rest_route=\/wp\/v2\/media\/95604"}],"wp:attachment":[{"href":"https:\/\/portaltactica.com\/index.php?rest_route=%2Fwp%2Fv2%2Fmedia&parent=95603"}],"wp:term":[{"taxonomy":"category","embeddable":true,"href":"https:\/\/portaltactica.com\/index.php?rest_route=%2Fwp%2Fv2%2Fcategories&post=95603"},{"taxonomy":"post_tag","embeddable":true,"href":"https:\/\/portaltactica.com\/index.php?rest_route=%2Fwp%2Fv2%2Ftags&post=95603"}],"curies":[{"name":"wp","href":"https:\/\/api.w.org\/{rel}","templated":true}]}}