{"id":95596,"date":"2025-06-25T08:34:46","date_gmt":"2025-06-25T15:34:46","guid":{"rendered":"https:\/\/portaltactica.com\/?p=95596"},"modified":"2025-06-25T08:34:47","modified_gmt":"2025-06-25T15:34:47","slug":"el-barcelona-se-prepara-para-volver-al-camp-nou","status":"publish","type":"post","link":"https:\/\/portaltactica.com\/?p=95596","title":{"rendered":"El Barcelona se prepara para volver al Camp Nou"},"content":{"rendered":"\n<p>El\u00a0Barcelona<strong>\u00a0<\/strong>anunci\u00f3 que volver\u00e1 al\u00a0<strong>estadio Camp Nou<\/strong>\u00a0el 10 de agosto, en renovaci\u00f3n desde hace dos a\u00f1os, con motivo del\u00a0<strong>trofeo Joan Gamper<\/strong>, que tradicionalmente sirve como presentaci\u00f3n del equipo para la temporada que empieza.<\/p>\n\n\n\n<p>\u201cEl FC Barcelona anuncia oficialmente el regreso a su estadio, el Spotify Camp Nou, el pr\u00f3ximo&nbsp;10 de agosto de 2025, una fecha que marcar\u00e1 la reapertura parcial del nuevo hogar azulgrana dentro del proyecto de transformaci\u00f3n del Espai Bar\u00e7a\u201d, se\u00f1al\u00f3 el club.<\/p>\n\n\n\n<p>El equipo catal\u00e1n lleva sin disputar un encuentro en su campo desde mayo de 2023. Desde entonces, el conjunto azulgrana ha jugado como local en el Estadio Ol\u00edmpico Llu\u00eds Companys de Montjuic.<\/p>\n\n\n\n<p>La entidad barcelonista no ha confirmado el aforo que contar\u00e1 el estadio para los primeros choques, pero la prensa local informa de que las dos primeras gradas podr\u00e1n acoger a unos 35 mil espectadores.<\/p>\n\n\n\n<p>\u201cCabe destacar que el regreso se producir\u00e1 mientras contin\u00faan las obras del nuevo Spotify&nbsp;<strong>Camp Nou<\/strong>, por lo que ser\u00e1 necesario convivir con actuaciones en distintas zonas del recinto\u201d, indic\u00f3 la nota.<\/p>\n\n\n\n<p>Despu\u00e9s del&nbsp;Gamper, el&nbsp;Bar\u00e7a&nbsp;tendr\u00e1 un mes m\u00e1s para continuar la puesta a punto del estadio, tras pedir a&nbsp;LaLiga&nbsp;jugar los tres primeros encuentros fuera de casa.&nbsp;<\/p>\n\n\n\n<p>El club recalc\u00f3 que todav\u00eda queda por finalizar la nueva tercera grada, el doble anillo VIP, la instalaci\u00f3n de la cubierta, as\u00ed como la adecuaci\u00f3n final de algunos espacios interiores y la urbanizaci\u00f3n exterior del entorno del estadio.&nbsp;<\/p>\n<div class='share-to-whatsapp-wrapper'><div class='share-on-whsp'>Share on: <\/div><a data-text='El Barcelona se prepara para volver al Camp Nou' data-link='https:\/\/portaltactica.com\/?p=95596' class='whatsapp-button whatsapp-share'>WhatsApp<\/a><div class='clear '><\/div><\/div>","protected":false},"excerpt":{"rendered":"<p>El\u00a0Barcelona\u00a0anunci\u00f3 que volver\u00e1 al\u00a0estadio Camp Nou\u00a0el 10 de agosto, en renovaci\u00f3n desde hace dos a\u00f1os, con motivo del\u00a0trofeo Joan Gamper, que&hellip;<\/p>\n","protected":false},"author":2,"featured_media":95597,"comment_status":"closed","ping_status":"closed","sticky":false,"template":"","format":"standard","meta":{"advanced_seo_description":"","jetpack_seo_html_title":"","jetpack_seo_noindex":false,"_jetpack_memberships_contains_paid_content":false,"footnotes":"","jetpack_publicize_message":"","jetpack_publicize_feature_enabled":true,"jetpack_social_post_already_shared":true,"jetpack_social_options":{"image_generator_settings":{"template":"highway","default_image_id":0,"font":"","enabled":false},"version":2}},"categories":[1898],"tags":[],"class_list":["post-95596","post","type-post","status-publish","format-standard","has-post-thumbnail","hentry","category-destacado-internacional"],"jetpack_publicize_connections":[],"jetpack_featured_media_url":"https:\/\/portaltactica.com\/wp-content\/uploads\/2025\/06\/2-13.jpg","jetpack_sharing_enabled":true,"_links":{"self":[{"href":"https:\/\/portaltactica.com\/index.php?rest_route=\/wp\/v2\/posts\/95596","targetHints":{"allow":["GET"]}}],"collection":[{"href":"https:\/\/portaltactica.com\/index.php?rest_route=\/wp\/v2\/posts"}],"about":[{"href":"https:\/\/portaltactica.com\/index.php?rest_route=\/wp\/v2\/types\/post"}],"author":[{"embeddable":true,"href":"https:\/\/portaltactica.com\/index.php?rest_route=\/wp\/v2\/users\/2"}],"replies":[{"embeddable":true,"href":"https:\/\/portaltactica.com\/index.php?rest_route=%2Fwp%2Fv2%2Fcomments&post=95596"}],"version-history":[{"count":1,"href":"https:\/\/portaltactica.com\/index.php?rest_route=\/wp\/v2\/posts\/95596\/revisions"}],"predecessor-version":[{"id":95598,"href":"https:\/\/portaltactica.com\/index.php?rest_route=\/wp\/v2\/posts\/95596\/revisions\/95598"}],"wp:featuredmedia":[{"embeddable":true,"href":"https:\/\/portaltactica.com\/index.php?rest_route=\/wp\/v2\/media\/95597"}],"wp:attachment":[{"href":"https:\/\/portaltactica.com\/index.php?rest_route=%2Fwp%2Fv2%2Fmedia&parent=95596"}],"wp:term":[{"taxonomy":"category","embeddable":true,"href":"https:\/\/portaltactica.com\/index.php?rest_route=%2Fwp%2Fv2%2Fcategories&post=95596"},{"taxonomy":"post_tag","embeddable":true,"href":"https:\/\/portaltactica.com\/index.php?rest_route=%2Fwp%2Fv2%2Ftags&post=95596"}],"curies":[{"name":"wp","href":"https:\/\/api.w.org\/{rel}","templated":true}]}}