{"id":95593,"date":"2025-06-25T07:37:38","date_gmt":"2025-06-25T14:37:38","guid":{"rendered":"https:\/\/portaltactica.com\/?p=95593"},"modified":"2025-06-25T07:37:41","modified_gmt":"2025-06-25T14:37:41","slug":"directivo-del-milan-confirma-compromiso-de-luka-modric-con-el-club","status":"publish","type":"post","link":"https:\/\/portaltactica.com\/?p=95593","title":{"rendered":"Directivo del Milan confirma compromiso de Luka Modric con el club"},"content":{"rendered":"\n<p><strong>Luka Modric<\/strong>\u00a0se comprometi\u00f3 con el\u00a0<strong>AC Milan<\/strong>\u00a0y as\u00ed lo ha dejado entrever el director deportivo rossonero,<strong>\u00a0Igli Tare<\/strong>, durante una entrevista concedida a la\u00a0<em>Gazzetta dello Sport<\/em>: &#8220;He hablado con \u00e9l en persona, he visto a un chico con muchas ganas de ser competitivo. Su llegada es fundamental para un grupo que necesita jugadores as\u00ed, liderazgo.<\/p>\n\n\n\n<p>La primera pregunta que me hizo&nbsp;<strong>Luka<\/strong>&nbsp;fue \u201c\u00bfseremos un equipo hecho para ganar el campeonato?\u201d.<\/p>\n\n\n\n<p>Ha ganado seis\u00a0<strong>Ligas de Campeones\u00a0<\/strong>y quiere ser un jugador estrella desde el principio, es importante por lo que va a transmitir como mentalidad, liderazgo y profesionalidad. El hecho de que sea hincha del AC Milan hace que esta historia sea a\u00fan m\u00e1s emocionante y ser\u00eda estupendo para \u00e9l tener una temporada estelar: al final de la temporada est\u00e1 el Mundial&#8221;.<\/p>\n\n\n\n<p>Todo est\u00e1 hecho entre\u00a0<strong>Modric<\/strong>\u00a0y el\u00a0<strong>AC Milan<\/strong>, las partes se dieron la mano a principios de junio, justo antes de que empezara el\u00a0<strong>Mundial de Clubes<\/strong>, y firmar\u00e1n todos los acuerdos en cuanto termine el torneo americano. Modric firmar\u00e1 un contrato de un a\u00f1o, con una posible opci\u00f3n de pr\u00f3rroga por otro, a raz\u00f3n de unos 3,5 millones de euros netos por temporada, m\u00e1s primas.<\/p>\n\n\n\n<p><strong>Luka Modric,<\/strong>&nbsp;quien cumplir\u00e1 40 a\u00f1os en septiembre, est\u00e1 en perfectas condiciones f\u00edsicas y quiere llegar al Mundial americano previsto para el verano de 2026 con la m\u00e1xima ambici\u00f3n: por eso ha elegido al<strong>&nbsp;AC Milan<\/strong>, para jugar con continuidad en una liga de primera, despu\u00e9s de haberlo ganado todo durante a\u00f1os con la camiseta del<strong>&nbsp;<a href=\"https:\/\/www.espn.com.mx\/futbol\/equipo?id=86\">Real Madrid<\/a>.<\/strong><\/p>\n<div class='share-to-whatsapp-wrapper'><div class='share-on-whsp'>Share on: <\/div><a data-text='Directivo del Milan confirma compromiso de Luka Modric con el club' data-link='https:\/\/portaltactica.com\/?p=95593' class='whatsapp-button whatsapp-share'>WhatsApp<\/a><div class='clear '><\/div><\/div>","protected":false},"excerpt":{"rendered":"<p>Luka Modric\u00a0se comprometi\u00f3 con el\u00a0AC Milan\u00a0y as\u00ed lo ha dejado entrever el director deportivo rossonero,\u00a0Igli Tare, durante una entrevista concedida a&hellip;<\/p>\n","protected":false},"author":2,"featured_media":95594,"comment_status":"closed","ping_status":"closed","sticky":false,"template":"","format":"standard","meta":{"advanced_seo_description":"","jetpack_seo_html_title":"","jetpack_seo_noindex":false,"_jetpack_memberships_contains_paid_content":false,"footnotes":"","jetpack_publicize_message":"","jetpack_publicize_feature_enabled":true,"jetpack_social_post_already_shared":true,"jetpack_social_options":{"image_generator_settings":{"template":"highway","default_image_id":0,"font":"","enabled":false},"version":2}},"categories":[1896],"tags":[],"class_list":["post-95593","post","type-post","status-publish","format-standard","has-post-thumbnail","hentry","category-destacado-portada"],"jetpack_publicize_connections":[],"jetpack_featured_media_url":"https:\/\/portaltactica.com\/wp-content\/uploads\/2025\/06\/1-11.jpg","jetpack_sharing_enabled":true,"_links":{"self":[{"href":"https:\/\/portaltactica.com\/index.php?rest_route=\/wp\/v2\/posts\/95593","targetHints":{"allow":["GET"]}}],"collection":[{"href":"https:\/\/portaltactica.com\/index.php?rest_route=\/wp\/v2\/posts"}],"about":[{"href":"https:\/\/portaltactica.com\/index.php?rest_route=\/wp\/v2\/types\/post"}],"author":[{"embeddable":true,"href":"https:\/\/portaltactica.com\/index.php?rest_route=\/wp\/v2\/users\/2"}],"replies":[{"embeddable":true,"href":"https:\/\/portaltactica.com\/index.php?rest_route=%2Fwp%2Fv2%2Fcomments&post=95593"}],"version-history":[{"count":1,"href":"https:\/\/portaltactica.com\/index.php?rest_route=\/wp\/v2\/posts\/95593\/revisions"}],"predecessor-version":[{"id":95595,"href":"https:\/\/portaltactica.com\/index.php?rest_route=\/wp\/v2\/posts\/95593\/revisions\/95595"}],"wp:featuredmedia":[{"embeddable":true,"href":"https:\/\/portaltactica.com\/index.php?rest_route=\/wp\/v2\/media\/95594"}],"wp:attachment":[{"href":"https:\/\/portaltactica.com\/index.php?rest_route=%2Fwp%2Fv2%2Fmedia&parent=95593"}],"wp:term":[{"taxonomy":"category","embeddable":true,"href":"https:\/\/portaltactica.com\/index.php?rest_route=%2Fwp%2Fv2%2Fcategories&post=95593"},{"taxonomy":"post_tag","embeddable":true,"href":"https:\/\/portaltactica.com\/index.php?rest_route=%2Fwp%2Fv2%2Ftags&post=95593"}],"curies":[{"name":"wp","href":"https:\/\/api.w.org\/{rel}","templated":true}]}}