{"id":95459,"date":"2025-06-19T13:12:17","date_gmt":"2025-06-19T20:12:17","guid":{"rendered":"https:\/\/portaltactica.com\/?p=95459"},"modified":"2025-06-19T13:12:19","modified_gmt":"2025-06-19T20:12:19","slug":"alvaro-fidalgo-cerca-de-volver-a-espana-en-platicas-con-equipo-de-laliga","status":"publish","type":"post","link":"https:\/\/portaltactica.com\/?p=95459","title":{"rendered":"\u00c1lvaro Fidalgo, cerca de volver a Espa\u00f1a; en pl\u00e1ticas con equipo de LaLiga"},"content":{"rendered":"\n<p><strong>\u00c1lvaro Fidalgo<\/strong>\u00a0est\u00e1 apunto de dejar al\u00a0<strong>Club Am\u00e9rica<\/strong>\u00a0para regresar al\u00a0<strong>futbol europeo<\/strong>, ya que en las \u00faltimas horas se revel\u00f3 que tiene una oferta formal de un equipo de\u00a0<strong>LaLiga de Espa\u00f1a<\/strong>.<\/p>\n\n\n\n<p>Fue el periodista,&nbsp;<strong>Juan Carlos Ibarrar\u00e1n<\/strong>, quien durante un programa de&nbsp;<strong>Caliente TV<\/strong>&nbsp;revel\u00f3 que el&nbsp;<em><strong>Maguito&nbsp;<\/strong><\/em>es pretendido por un hist\u00f3rico del&nbsp;<strong>balompi\u00e9 ib\u00e9rico<\/strong>.<\/p>\n\n\n\n<p>El equipo en cuesti\u00f3n es el&nbsp;<strong>Sevilla<\/strong>. Incluso, la citada fuente asegura que el centrocampista es del agrado de&nbsp;<strong>Mat\u00edas Almeyda<\/strong>, quien ya se habr\u00eda contactado con el entorno del jugador y ya estar\u00eda en negociaciones con sus representantes.<\/p>\n\n\n\n<p>\u201cMe han dicho que el nuevo t\u00e9cnico del&nbsp;<strong>Sevilla&nbsp;<\/strong>ya habl\u00f3 con el representante del&nbsp;<em><strong>Maguito&nbsp;<\/strong><\/em>porque podr\u00eda ser uno de los refuerzos la pr\u00f3xima temporada.&nbsp;<strong>\u00c1lvaro Fidalgo<\/strong>&nbsp;ya est\u00e1 en negociaciones para llegar al&nbsp;<strong>Sevilla<\/strong>\u201d, dijo el periodista.<\/p>\n\n\n\n<p>De confirmarse la noticia, Fidalgo regresar\u00eda al balompi\u00e9 de su pa\u00eds natal tras m\u00e1s de cuatro a\u00f1os y se terminar\u00eda una era gloriosa en el&nbsp;<strong>Am\u00e9rica<\/strong>, ya que tambi\u00e9n se confirm\u00f3 la baja de&nbsp;<strong>Diego Vald\u00e9s<\/strong>.<\/p>\n\n\n\n<h2 class=\"wp-block-heading\">No jugar\u00eda con M\u00e9xico<\/h2>\n\n\n\n<p>Si \u00e9l Maguito se va este verano al viejo continente, de forma autom\u00e1tica se esfumar\u00eda la posibilidad de verlo jugar con la&nbsp;<strong>Selecci\u00f3n mexicana<\/strong>, ya que no cumplir\u00eda con el requisito de m\u00ednimo cinco a\u00f1os de residencia.<\/p>\n\n\n\n<p>El&nbsp;<strong>jugador de 28 a\u00f1os<\/strong>&nbsp;tiene contrato con&nbsp;<strong>Am\u00e9rica&nbsp;<\/strong>hasta verano del 2026, por lo que de no renovar en los pr\u00f3ximos meses, podr\u00eda irse gratis en un a\u00f1o.<\/p>\n\n\n\n<p>Por ahora,&nbsp;<strong>Fidalgo&nbsp;<\/strong>suma un total de 204 partidos disputados con el&nbsp;<strong>conjunto azulcrema<\/strong>&nbsp;en los que registra 21 goles y 30 asistencias.<\/p>\n<div class='share-to-whatsapp-wrapper'><div class='share-on-whsp'>Share on: <\/div><a data-text='\u00c1lvaro Fidalgo, cerca de volver a Espa\u00f1a; en pl\u00e1ticas con equipo de LaLiga' data-link='https:\/\/portaltactica.com\/?p=95459' class='whatsapp-button whatsapp-share'>WhatsApp<\/a><div class='clear '><\/div><\/div>","protected":false},"excerpt":{"rendered":"<p>\u00c1lvaro Fidalgo\u00a0est\u00e1 apunto de dejar al\u00a0Club Am\u00e9rica\u00a0para regresar al\u00a0futbol europeo, ya que en las \u00faltimas horas se revel\u00f3 que tiene una&hellip;<\/p>\n","protected":false},"author":2,"featured_media":95460,"comment_status":"closed","ping_status":"closed","sticky":false,"template":"","format":"standard","meta":{"advanced_seo_description":"","jetpack_seo_html_title":"","jetpack_seo_noindex":false,"_jetpack_memberships_contains_paid_content":false,"footnotes":"","jetpack_publicize_message":"","jetpack_publicize_feature_enabled":true,"jetpack_social_post_already_shared":true,"jetpack_social_options":{"image_generator_settings":{"template":"highway","default_image_id":0,"font":"","enabled":false},"version":2}},"categories":[1897],"tags":[],"class_list":["post-95459","post","type-post","status-publish","format-standard","has-post-thumbnail","hentry","category-destacado-nacional"],"jetpack_publicize_connections":[],"jetpack_featured_media_url":"https:\/\/portaltactica.com\/wp-content\/uploads\/2025\/06\/6-5.png","jetpack_sharing_enabled":true,"_links":{"self":[{"href":"https:\/\/portaltactica.com\/index.php?rest_route=\/wp\/v2\/posts\/95459","targetHints":{"allow":["GET"]}}],"collection":[{"href":"https:\/\/portaltactica.com\/index.php?rest_route=\/wp\/v2\/posts"}],"about":[{"href":"https:\/\/portaltactica.com\/index.php?rest_route=\/wp\/v2\/types\/post"}],"author":[{"embeddable":true,"href":"https:\/\/portaltactica.com\/index.php?rest_route=\/wp\/v2\/users\/2"}],"replies":[{"embeddable":true,"href":"https:\/\/portaltactica.com\/index.php?rest_route=%2Fwp%2Fv2%2Fcomments&post=95459"}],"version-history":[{"count":1,"href":"https:\/\/portaltactica.com\/index.php?rest_route=\/wp\/v2\/posts\/95459\/revisions"}],"predecessor-version":[{"id":95461,"href":"https:\/\/portaltactica.com\/index.php?rest_route=\/wp\/v2\/posts\/95459\/revisions\/95461"}],"wp:featuredmedia":[{"embeddable":true,"href":"https:\/\/portaltactica.com\/index.php?rest_route=\/wp\/v2\/media\/95460"}],"wp:attachment":[{"href":"https:\/\/portaltactica.com\/index.php?rest_route=%2Fwp%2Fv2%2Fmedia&parent=95459"}],"wp:term":[{"taxonomy":"category","embeddable":true,"href":"https:\/\/portaltactica.com\/index.php?rest_route=%2Fwp%2Fv2%2Fcategories&post=95459"},{"taxonomy":"post_tag","embeddable":true,"href":"https:\/\/portaltactica.com\/index.php?rest_route=%2Fwp%2Fv2%2Ftags&post=95459"}],"curies":[{"name":"wp","href":"https:\/\/api.w.org\/{rel}","templated":true}]}}