{"id":94838,"date":"2025-05-26T12:52:09","date_gmt":"2025-05-26T19:52:09","guid":{"rendered":"https:\/\/portaltactica.com\/?p=94838"},"modified":"2025-05-26T12:52:12","modified_gmt":"2025-05-26T19:52:12","slug":"ancelotti-mueve-piezas-presenta-su-primera-lista-con-ausencias-clave-y-regreso-de-casemiro","status":"publish","type":"post","link":"https:\/\/portaltactica.com\/?p=94838","title":{"rendered":"Ancelotti mueve piezas: presenta su primera lista con ausencias clave y regreso de Casemiro"},"content":{"rendered":"\n<p>El italiano Carlo Ancelotti, presentado este lunes como nuevo seleccionador de Brasil,\u00a0<strong>incluy\u00f3 a dos hombres de su confianza, el centrocampista Casemiro y el atacante Vin\u00edcius Jr.<\/strong>, en su primera lista de convocados, de la que se qued\u00f3 fuera Neymar.<\/p>\n\n\n\n<p>Ancelotti explic\u00f3 que la lista incluye muchas sorpresas principalmente porque varios jugadores est\u00e1n<strong>&nbsp;lesionados o se recuperan de lesi\u00f3n, entre los que cit\u00f3 a Neymar y a Endrick<\/strong>.<\/p>\n\n\n\n<p>Tambi\u00e9n recuper\u00f3 a Richarlison, que al igual que Casemiro<strong>&nbsp;llevaba dos a\u00f1os sin participar en una convocatoria<\/strong>&nbsp;de la selecci\u00f3n brasile\u00f1a.<\/p>\n\n\n\n<p>En la lista se destacan, adem\u00e1s de Vin\u00edcius J\u00fanior, Raphinha, flamante campe\u00f3n de la liga espa\u00f1ola con el Barcelona, y\u00a0Antony, en un gran estado de forma en el Real Betis.<\/p>\n\n\n\n<p><strong>Igualmente, convoc\u00f3 a Est\u00eav\u00e3o, joven figura del Palmeiras&nbsp;<\/strong>que ya ha sido contratado por el Chelsea, y quien hab\u00eda participado en las \u00faltimas convocatorias.<\/p>\n\n\n\n<p><strong>Ancelotti debutar\u00e1 como seleccionador de Brasil el 5 de junio pr\u00f3ximo<\/strong>, cuando la Canarinha visitar\u00e1 a Ecuador en el Monumental de Guayaquil por las eliminatorias mundialistas.<\/p>\n\n\n\n<p>Su primer partido ante la afici\u00f3n brasile\u00f1a ser\u00e1 el 10 de junio, en el compromiso&nbsp;<strong>tambi\u00e9n por las eliminatorias con Paraguay en el estadio Neo Qu\u00edmica Arena de S\u00e3o Paulo<\/strong>.<\/p>\n\n\n\n<p>Brasil ocupa actualmente el cuarto lugar en la clasificaci\u00f3n\u00a0de las eliminatorias sudamericanas, con 21 puntos y a diez unidades del l\u00edder Argentina.<\/p>\n\n\n\n<p><strong>Sus partidos de junio ser\u00e1n definitivos debido a que se medir\u00e1 a un Ecuador que es el segundo en la clasificaci\u00f3n<\/strong>, con 23 puntos, y a un Paraguay que lo amenaza en la quinta posici\u00f3n, con los mismos 21 puntos.<\/p>\n\n\n\n<p>El italiano fue apoyado en la elaboraci\u00f3n de la primera lista de convocados&nbsp;<strong>por el coordinador ejecutivo de selecciones de Brasil, Rodrigo Caetano<\/strong>, y por el coordinador t\u00e9cnico, Juan Santos, quienes se encontraron la semana pasada con Ancelotti en Madrid.<\/p>\n\n\n\n<p>El nuevo seleccionador es el mayor coleccionista de t\u00edtulos de la Liga de Campeones de Europa, con cinco, tres por el Real Madrid y dos por el Mil\u00e1n, as\u00ed como el \u00fanico t\u00e9cnico en conquistar los campeonatos nacionales de las cinco principales ligas europeas (Inglaterra, Espa\u00f1a, Alemania, Italia y Francia).<\/p>\n\n\n\n<p><strong>Ancelotti se despidi\u00f3 el s\u00e1bado del Real Madrid, con el que sum\u00f3 15 t\u00edtulos en dos ciclos<\/strong>.<\/p>\n\n\n\n<p>El entrenador italiano sustituye a Dorival Junior, despedido el 28 de marzo pasado\u00a0tras la humillante ca\u00edda por 4-1 en la visita de Brasil a Argentina\u00a0por la fecha 14 de las eliminatorias del Mundial 2026 previsto en Estados Unidos, Canad\u00e1 y M\u00e9xico.<\/p>\n\n\n\n<p><strong>El italiano ser\u00e1 el cuarto seleccionador extranjero de la Canarinha y el primero en los \u00faltimos 60 a\u00f1os<\/strong>. El uruguayo Ram\u00f3n Platero la dirigi\u00f3 en 1925, el portugu\u00e9s Joreca form\u00f3 dupla t\u00e9cnica con Fl\u00e1vio Costa en 1944 y el argentino Filpo N\u00fa\u00f1ez dirigi\u00f3 a la &#8220;verdeamarelha&#8221; en 1965.<\/p>\n\n\n\n<h2 class=\"wp-block-heading\">Lista de convocados de Ancelotti con Brasil:<\/h2>\n\n\n\n<p><strong>Porteros:&nbsp;<\/strong>Alisson (Liverpool-ENG), Bento (Al-Nassr-KSA), Hugo Souza (Corinthians).<\/p>\n\n\n\n<p><strong>Defensas:&nbsp;<\/strong>Alex Sandro (Flamengo), Alexsandro (Olympique-FRA), Beraldo (PSG-FRA), Carlos Augusto (Inter de Mil\u00e1n-ITA), Danilo (Flamengo), L\u00e9o Ortiz (Flamengo), Marquinhos (PSG-FRA), Vanderson (Monaco-FRA), Wesley (Flamengo).<\/p>\n\n\n\n<p><strong>Centrocampistas:<\/strong>&nbsp;Andreas Pereira (Fulham-ENG), Andrey Santos (Estrasburgo-FRA), Bruno Guimar\u00e3es (Newcastle-ENG) Casemiro (Manchester United-ENG), Ederson (Atalanta-ITA), Gerson (Flamengo).<\/p>\n\n\n\n<p><strong>Delanteros:&nbsp;<\/strong>Antony (Real Betis-ESP), Est\u00eav\u00e3o (Palmeiras), Gabriel Martinelli (Arsenal-ENG), Matheus Cunha (Wolverhampton-ENG), Raphinha (Barcelona-ESP), Richarlison (Tottenham-ENG), Vin\u00edcius J\u00fanior (Real Madrid-ESP).<\/p>\n<div class='share-to-whatsapp-wrapper'><div class='share-on-whsp'>Share on: <\/div><a data-text='Ancelotti mueve piezas: presenta su primera lista con ausencias clave y regreso de Casemiro' data-link='https:\/\/portaltactica.com\/?p=94838' class='whatsapp-button whatsapp-share'>WhatsApp<\/a><div class='clear '><\/div><\/div>","protected":false},"excerpt":{"rendered":"<p>El italiano Carlo Ancelotti, presentado este lunes como nuevo seleccionador de Brasil,\u00a0incluy\u00f3 a dos hombres de su confianza, el centrocampista Casemiro&hellip;<\/p>\n","protected":false},"author":2,"featured_media":94839,"comment_status":"closed","ping_status":"closed","sticky":false,"template":"","format":"standard","meta":{"advanced_seo_description":"","jetpack_seo_html_title":"","jetpack_seo_noindex":false,"_jetpack_memberships_contains_paid_content":false,"footnotes":"","jetpack_publicize_message":"","jetpack_publicize_feature_enabled":true,"jetpack_social_post_already_shared":true,"jetpack_social_options":{"image_generator_settings":{"template":"highway","default_image_id":0,"font":"","enabled":false},"version":2}},"categories":[1896],"tags":[],"class_list":["post-94838","post","type-post","status-publish","format-standard","has-post-thumbnail","hentry","category-destacado-portada"],"jetpack_publicize_connections":[],"jetpack_featured_media_url":"https:\/\/portaltactica.com\/wp-content\/uploads\/2025\/05\/2-5.png","jetpack_sharing_enabled":true,"_links":{"self":[{"href":"https:\/\/portaltactica.com\/index.php?rest_route=\/wp\/v2\/posts\/94838","targetHints":{"allow":["GET"]}}],"collection":[{"href":"https:\/\/portaltactica.com\/index.php?rest_route=\/wp\/v2\/posts"}],"about":[{"href":"https:\/\/portaltactica.com\/index.php?rest_route=\/wp\/v2\/types\/post"}],"author":[{"embeddable":true,"href":"https:\/\/portaltactica.com\/index.php?rest_route=\/wp\/v2\/users\/2"}],"replies":[{"embeddable":true,"href":"https:\/\/portaltactica.com\/index.php?rest_route=%2Fwp%2Fv2%2Fcomments&post=94838"}],"version-history":[{"count":1,"href":"https:\/\/portaltactica.com\/index.php?rest_route=\/wp\/v2\/posts\/94838\/revisions"}],"predecessor-version":[{"id":94840,"href":"https:\/\/portaltactica.com\/index.php?rest_route=\/wp\/v2\/posts\/94838\/revisions\/94840"}],"wp:featuredmedia":[{"embeddable":true,"href":"https:\/\/portaltactica.com\/index.php?rest_route=\/wp\/v2\/media\/94839"}],"wp:attachment":[{"href":"https:\/\/portaltactica.com\/index.php?rest_route=%2Fwp%2Fv2%2Fmedia&parent=94838"}],"wp:term":[{"taxonomy":"category","embeddable":true,"href":"https:\/\/portaltactica.com\/index.php?rest_route=%2Fwp%2Fv2%2Fcategories&post=94838"},{"taxonomy":"post_tag","embeddable":true,"href":"https:\/\/portaltactica.com\/index.php?rest_route=%2Fwp%2Fv2%2Ftags&post=94838"}],"curies":[{"name":"wp","href":"https:\/\/api.w.org\/{rel}","templated":true}]}}