{"id":94696,"date":"2025-05-20T14:04:43","date_gmt":"2025-05-20T21:04:43","guid":{"rendered":"https:\/\/portaltactica.com\/?p=94696"},"modified":"2025-05-20T14:06:31","modified_gmt":"2025-05-20T21:06:31","slug":"mazatlan-sera-sede-de-una-fecha-del-tour-de-francia-2025-en-la-que-participaran-mas-de-1200-ciclistas-aficionados","status":"publish","type":"post","link":"https:\/\/portaltactica.com\/?p=94696","title":{"rendered":"Mazatl\u00e1n ser\u00e1 sede de una fecha del Tour de Francia 2025, en la que participar\u00e1n m\u00e1s de 1,200 ciclistas aficionados"},"content":{"rendered":"\n<p>El pr\u00f3ximo 9 de noviembre m\u00e1s de 1,200 ciclistas nacionales e internacionales se dar\u00e1n cita en el puerto para vivir una experiencia \u00fanica en L\u2019\u00c9tape Mazatl\u00e1n by Tour de France 2025<br><br>Se espera una ocupaci\u00f3n hotelera de m\u00e1s de 9,450 habitaciones y una derrama econ\u00f3mica de 36 millones de pesos.<br><br>Ciudad de M\u00e9xico, 20 de mayo de 2025.- Por primera vez en la historia, a iniciativa del Gobierno del Estado de Sinaloa, Mazatl\u00e1n contar\u00e1 con una fecha de un evento internacional de ciclismo, como es L\u2019\u00c9tape Mazatl\u00e1n by Tour de France 2025, carrera para ciclistas amateurs que los organizadores de la m\u00e1xima justa ciclista mundial han llevado a varios pa\u00edses, como Colombia, Australia, China y Brasil.<br><br>El anuncio lo hizo en rueda de prensa realizada en la Ciudad de M\u00e9xico, Mireya Sosa Osuna, secretaria de Turismo de Sinaloa, quien dio a conocer que el pr\u00f3ximo 9 de noviembre se llevar\u00e1 a cabo en el puerto L\u2019\u00c9tape Mazatl\u00e1n by Tour de France 2025, en la que participar\u00e1n m\u00e1s de 1,200 ciclistas nacionales e internacionales aficionados.<br><br>La funcionaria estatal recalc\u00f3 que esta carrera no solo trae adrenalina y competencia, tambi\u00e9n resultados tangibles para la econom\u00eda y el posicionamiento de Mazatl\u00e1n como destino tur\u00edstico, pues solo en ese fin de semana, se estima una ocupaci\u00f3n hotelera de m\u00e1s de 9,450 habitaciones, la generaci\u00f3n de una derrama estimada en cerca de 36 millones de pesos, as\u00ed como un posicionamiento nacional e internacional que permitir\u00e1 proyectar a Mazatl\u00e1n como un gran destino de turismo deportivo.<br><br>M\u00e1s all\u00e1 de las cifras, agreg\u00f3 Sosa Osuna, con este evento Sinaloa demuestra que tiene la capacidad, la infraestructura y la visi\u00f3n para atraer eventos globales que generan desarrollo, empleo y prestigio.<br><br>&#8220;Esta no es una carrera m\u00e1s, es una marca con m\u00e1s de 100 a\u00f1os de historia que representa excelencia, disciplina y pasi\u00f3n por el deporte que este a\u00f1o llegar\u00e1 a Mazatl\u00e1n para recorrer nuestras calles, mostrar nuestras vistas y proyectar todo lo que Sinaloa ofrece al mundo&#8221;, destac\u00f3.<br><br>Los ciclistas participantes vivir\u00e1n una experiencia \u00fanica sobre tres rutas de 40, 70 y 120 kil\u00f3metros. Todas ellas con salida y meta en Mazatl\u00e1n, y atravesar\u00e1n escenarios que combinan mar, ciudad, cultura y calidez sinaloense.<br><br>En la rueda de prensa, la funcionaria estatal estuvo acompa\u00f1ada por Mario Mitrani Melgar, CEO de la Etapa M\u00e9xico by Tour de France y Julian Levin, director general de Comunicaci\u00f3n de CiBanco, con quienes se realiz\u00f3 la firma de convenio.<br><br>&#8220;Desde el gobierno de Sinaloa, encabezado por el gobernador Rub\u00e9n Rocha Moya, celebramos este logro como resultado de una pol\u00edtica tur\u00edstica que apuesta por la promoci\u00f3n, la innovaci\u00f3n, por nuevas audiencias y por eventos que nos colocan en el radar internacional&#8221;, reiter\u00f3 la secretaria de Turismo.<br><br>Que Mazatl\u00e1n forme parte de L\u2019\u00c9tape by Tour de France 2025 es una oportunidad estrat\u00e9gica que ya ha transformado destinos en todo el mundo, ya que pa\u00edses como Colombia, Brasil, China y Australia han utilizado esta plataforma para detonar su infraestructura tur\u00edstica, atraer visitantes de alto perfil y posicionarse como referentes del turismo deportivo. <br><br>&#8220;Hoy, Sinaloa se suma a ese grupo selecto de sedes globales con una visi\u00f3n clara, usar el poder del deporte para activar nuestra econom\u00eda, mostrar la belleza de nuestro territorio y fortalecer nuestra reputaci\u00f3n como un destino de playa de clase mundial&#8221;, puntualiz\u00f3.<\/p>\n<div class='share-to-whatsapp-wrapper'><div class='share-on-whsp'>Share on: <\/div><a data-text='Mazatl\u00e1n ser\u00e1 sede de una fecha del Tour de Francia 2025, en la que participar\u00e1n m\u00e1s de 1,200 ciclistas aficionados' data-link='https:\/\/portaltactica.com\/?p=94696' class='whatsapp-button whatsapp-share'>WhatsApp<\/a><div class='clear '><\/div><\/div>","protected":false},"excerpt":{"rendered":"<p>El pr\u00f3ximo 9 de noviembre m\u00e1s de 1,200 ciclistas nacionales e internacionales se dar\u00e1n cita en el puerto para vivir una&hellip;<\/p>\n","protected":false},"author":1,"featured_media":94695,"comment_status":"closed","ping_status":"","sticky":false,"template":"","format":"standard","meta":{"advanced_seo_description":"","jetpack_seo_html_title":"","jetpack_seo_noindex":false,"_jetpack_memberships_contains_paid_content":false,"footnotes":"","jetpack_publicize_message":"","jetpack_publicize_feature_enabled":true,"jetpack_social_post_already_shared":true,"jetpack_social_options":{"image_generator_settings":{"template":"highway","default_image_id":0,"font":"","enabled":false},"version":2}},"categories":[1896],"tags":[564],"class_list":["post-94696","post","type-post","status-publish","format-standard","has-post-thumbnail","hentry","category-destacado-portada","tag-gobieno-del-estado-de-sinaloa"],"jetpack_publicize_connections":[],"jetpack_featured_media_url":"https:\/\/portaltactica.com\/wp-content\/uploads\/2025\/05\/IMG-20250520-WA0007.jpg","jetpack_sharing_enabled":true,"_links":{"self":[{"href":"https:\/\/portaltactica.com\/index.php?rest_route=\/wp\/v2\/posts\/94696","targetHints":{"allow":["GET"]}}],"collection":[{"href":"https:\/\/portaltactica.com\/index.php?rest_route=\/wp\/v2\/posts"}],"about":[{"href":"https:\/\/portaltactica.com\/index.php?rest_route=\/wp\/v2\/types\/post"}],"author":[{"embeddable":true,"href":"https:\/\/portaltactica.com\/index.php?rest_route=\/wp\/v2\/users\/1"}],"replies":[{"embeddable":true,"href":"https:\/\/portaltactica.com\/index.php?rest_route=%2Fwp%2Fv2%2Fcomments&post=94696"}],"version-history":[{"count":1,"href":"https:\/\/portaltactica.com\/index.php?rest_route=\/wp\/v2\/posts\/94696\/revisions"}],"predecessor-version":[{"id":94697,"href":"https:\/\/portaltactica.com\/index.php?rest_route=\/wp\/v2\/posts\/94696\/revisions\/94697"}],"wp:featuredmedia":[{"embeddable":true,"href":"https:\/\/portaltactica.com\/index.php?rest_route=\/wp\/v2\/media\/94695"}],"wp:attachment":[{"href":"https:\/\/portaltactica.com\/index.php?rest_route=%2Fwp%2Fv2%2Fmedia&parent=94696"}],"wp:term":[{"taxonomy":"category","embeddable":true,"href":"https:\/\/portaltactica.com\/index.php?rest_route=%2Fwp%2Fv2%2Fcategories&post=94696"},{"taxonomy":"post_tag","embeddable":true,"href":"https:\/\/portaltactica.com\/index.php?rest_route=%2Fwp%2Fv2%2Ftags&post=94696"}],"curies":[{"name":"wp","href":"https:\/\/api.w.org\/{rel}","templated":true}]}}