{"id":94694,"date":"2025-05-20T14:26:29","date_gmt":"2025-05-20T21:26:29","guid":{"rendered":"https:\/\/portaltactica.com\/?p=94694"},"modified":"2025-05-20T14:26:31","modified_gmt":"2025-05-20T21:26:31","slug":"la-directiva-de-cruz-azul-evalua-a-vicente-sanchez-tras-tropiezo-en-el-clasico","status":"publish","type":"post","link":"https:\/\/portaltactica.com\/?p=94694","title":{"rendered":"La directiva de Cruz Azul eval\u00faa a Vicente S\u00e1nchez tras tropiezo en el Cl\u00e1sico"},"content":{"rendered":"\n<p>La eliminaci\u00f3n de\u00a0<strong>Cruz Azul<\/strong>\u00a0a manos del\u00a0<strong>Am\u00e9rica<\/strong>\u00a0en la Semifinal del Clausura 2025 de la\u00a0<strong>Liga MX<\/strong>\u00a0tiene molesta a la directiva celeste, por lo que la continuidad de\u00a0<strong>Vicente S\u00e1nchez<\/strong>\u00a0no se dar\u00eda, independientemente de si gana o no la Final de la Copa de Campeones de la Concacaf, el pr\u00f3ximo 1 de junio.<\/p>\n\n\n\n<p>Los buenos n\u00fameros del estratega uruguayo, que incluyen los 19 encuentros que hil\u00f3 el equipo sin perder en la&nbsp;<strong>Liga MX<\/strong>&nbsp;y en la Concacaf, quedar\u00edan de lado luego de perder la ventaja de dos goles que lleg\u00f3 a tener en el global en el duelo contra las \u00c1guilas. Ten\u00eda que eliminar al&nbsp;<strong>Am\u00e9rica<\/strong>&nbsp;y no lo hizo.<\/p>\n\n\n\n<p>El tiempo est\u00e1 encima de\u00a0<strong>La M\u00e1quina<\/strong>, pues en menos de dos semanas disputar\u00e1 el t\u00edtulo de la\u00a0<strong>Concachampions<\/strong>\u00a0contra\u00a0<strong>Vancouver Whitecaps<\/strong>, por lo que no har\u00e1n la destituci\u00f3n en este momento, pero s\u00ed lo har\u00edan al terminar ese partido, que se llevar\u00e1 a cabo en el estadio Ciudad de los Deportes.\u00a0<\/p>\n\n\n\n<h2 class=\"wp-block-heading\">\u00bfPor qu\u00e9 saldr\u00eda Vicente S\u00e1nchez de Cruz Azul?<\/h2>\n\n\n\n<p>Uno de los objetivos del conjunto celeste era conseguir ese doble, en&nbsp;<strong><a href=\"https:\/\/www.mediotiempo.com\/futbol\/liga-mx\/vicente-sanchez-y-cruz-azul-entraran-a-liguilla-16-juegos-invictos\" target=\"_blank\" rel=\"noreferrer noopener\">Liga MX<\/a><\/strong>&nbsp;y&nbsp;<strong>Concacaf<\/strong>, y ahora solo podr\u00edan llevarse un trofeo a sus vitrinas.<\/p>\n\n\n\n<h2 class=\"wp-block-heading\">De emergencia<\/h2>\n\n\n\n<p>Vicente S\u00e1nchez qued\u00f3 como interino tras la salida de Anselmi en enero y solo ha perdido 2 juegos con el equipo.<\/p>\n\n\n\n<p>De acuerdo con fuentes consultadas por&nbsp;<strong>La Afici\u00f3n<\/strong>, las evaluaciones se har\u00e1n despu\u00e9s de ese compromiso contra el conjunto canadiense, cuando se reunir\u00e1n cuerpo t\u00e9cnico y&nbsp;<strong>directivos<\/strong>&nbsp;para definir el futuro del equipo.<\/p>\n\n\n\n<p><strong>\u00bfQui\u00e9nes son candidatos a reemplazar a Vicente S\u00e1nchez en Cruz Azul?<\/strong><\/p>\n\n\n\n<p>Sin embargo, ya se estar\u00edan analizando algunas opciones para suplir al ex t\u00e9cnico de la Sub 23. Entre los nombres estar\u00edan&nbsp;<strong>Guillermo Almada<\/strong>, Mat\u00edas Almeyda y&nbsp;<strong>Gabriel Milito<\/strong>.<\/p>\n\n\n\n<p>El t\u00e9cnico del\u00a0<strong>Pachuca<\/strong>\u00a0a\u00fan no podr\u00eda ser considerado por la participaci\u00f3n de los Tuzos en el Mundial de Clubes, pero s\u00ed podr\u00eda hacerlo al t\u00e9rmino de \u00e9ste. El t\u00e9cnico uruguayo ya fue considerado por la directiva de\u00a0<strong>Cruz Azul<\/strong>\u00a0en el pasado, por lo que estar\u00edan dispuestos a pagar la cl\u00e1usula de rescisi\u00f3n del estratega, que todav\u00eda tiene contrato con el equipo hidalguense.<\/p>\n\n\n\n<p>En el caso de&nbsp;<strong>Almeyda<\/strong>, quien recientemente anunci\u00f3 su salida del&nbsp;<strong>AEK de Atenas<\/strong>, es un estilo que gusta a los altos mandos cementeros y la diferencia que tiene con el argentino es que podr\u00edan negociar directamente con \u00e9l.<\/p>\n\n\n\n<p>En tanto,&nbsp;<strong>Milito<\/strong>&nbsp;tambi\u00e9n se encuentra en busca de equipo y adem\u00e1s de Cruz Azul, tiene como opciones dirigir a&nbsp;<strong>Chivas<\/strong>, Monterrey y&nbsp;<strong>Boca Juniors<\/strong>.<\/p>\n\n\n\n<p>As\u00ed ser\u00eda el futuro de&nbsp;<strong>Cruz Azul<\/strong>, que aunque a\u00fan tiene un partido pendiente antes de romper filas e irse de vacaciones, parece que eso futuro est\u00e1 definido.<\/p>\n<div class='share-to-whatsapp-wrapper'><div class='share-on-whsp'>Share on: <\/div><a data-text='La directiva de Cruz Azul eval\u00faa a Vicente S\u00e1nchez tras tropiezo en el Cl\u00e1sico' data-link='https:\/\/portaltactica.com\/?p=94694' class='whatsapp-button whatsapp-share'>WhatsApp<\/a><div class='clear '><\/div><\/div>","protected":false},"excerpt":{"rendered":"<p>La eliminaci\u00f3n de\u00a0Cruz Azul\u00a0a manos del\u00a0Am\u00e9rica\u00a0en la Semifinal del Clausura 2025 de la\u00a0Liga MX\u00a0tiene molesta a la directiva celeste, por lo&hellip;<\/p>\n","protected":false},"author":2,"featured_media":94698,"comment_status":"closed","ping_status":"closed","sticky":false,"template":"","format":"standard","meta":{"advanced_seo_description":"","jetpack_seo_html_title":"","jetpack_seo_noindex":false,"_jetpack_memberships_contains_paid_content":false,"footnotes":"","jetpack_publicize_message":"","jetpack_publicize_feature_enabled":true,"jetpack_social_post_already_shared":true,"jetpack_social_options":{"image_generator_settings":{"template":"highway","default_image_id":0,"font":"","enabled":false},"version":2}},"categories":[1897],"tags":[],"class_list":["post-94694","post","type-post","status-publish","format-standard","has-post-thumbnail","hentry","category-destacado-nacional"],"jetpack_publicize_connections":[],"jetpack_featured_media_url":"https:\/\/portaltactica.com\/wp-content\/uploads\/2025\/05\/4-5.png","jetpack_sharing_enabled":true,"_links":{"self":[{"href":"https:\/\/portaltactica.com\/index.php?rest_route=\/wp\/v2\/posts\/94694","targetHints":{"allow":["GET"]}}],"collection":[{"href":"https:\/\/portaltactica.com\/index.php?rest_route=\/wp\/v2\/posts"}],"about":[{"href":"https:\/\/portaltactica.com\/index.php?rest_route=\/wp\/v2\/types\/post"}],"author":[{"embeddable":true,"href":"https:\/\/portaltactica.com\/index.php?rest_route=\/wp\/v2\/users\/2"}],"replies":[{"embeddable":true,"href":"https:\/\/portaltactica.com\/index.php?rest_route=%2Fwp%2Fv2%2Fcomments&post=94694"}],"version-history":[{"count":1,"href":"https:\/\/portaltactica.com\/index.php?rest_route=\/wp\/v2\/posts\/94694\/revisions"}],"predecessor-version":[{"id":94699,"href":"https:\/\/portaltactica.com\/index.php?rest_route=\/wp\/v2\/posts\/94694\/revisions\/94699"}],"wp:featuredmedia":[{"embeddable":true,"href":"https:\/\/portaltactica.com\/index.php?rest_route=\/wp\/v2\/media\/94698"}],"wp:attachment":[{"href":"https:\/\/portaltactica.com\/index.php?rest_route=%2Fwp%2Fv2%2Fmedia&parent=94694"}],"wp:term":[{"taxonomy":"category","embeddable":true,"href":"https:\/\/portaltactica.com\/index.php?rest_route=%2Fwp%2Fv2%2Fcategories&post=94694"},{"taxonomy":"post_tag","embeddable":true,"href":"https:\/\/portaltactica.com\/index.php?rest_route=%2Fwp%2Fv2%2Ftags&post=94694"}],"curies":[{"name":"wp","href":"https:\/\/api.w.org\/{rel}","templated":true}]}}