{"id":94662,"date":"2025-05-19T12:01:47","date_gmt":"2025-05-19T19:01:47","guid":{"rendered":"https:\/\/portaltactica.com\/?p=94662"},"modified":"2025-05-19T12:01:50","modified_gmt":"2025-05-19T19:01:50","slug":"memo-ochoa-lidera-convocatoria-inicial-del-tri-para-copa-oro-2025","status":"publish","type":"post","link":"https:\/\/portaltactica.com\/?p=94662","title":{"rendered":"Memo Ochoa lidera convocatoria inicial del Tri para Copa Oro 2025"},"content":{"rendered":"\n<p>Con sorpresas como\u00a0<strong>Sebasti\u00e1n Jurado, Alexis Guti\u00e9rrez<\/strong>\u00a0o\u00a0<strong>Stephano Carrillo<\/strong>, la lista preliminar de la\u00a0<strong>Selecci\u00f3n Mexicana<\/strong>\u00a0para la Copa Oro 2025 se dio a conocer este lunes 19 de mayo.\u00a0<strong>Guillermo Ochoa<\/strong>, quien pelear\u00e1 por el no descenso en Portugal poco antes del torneo regional, encabeza la lista de\u00a0<strong>Javier Aguirre<\/strong>.\u00a0<\/p>\n\n\n\n<p>El jugador de\u00a0<strong>AVS SAD<\/strong>\u00a0es uno de los siete arqueros que aparecen por ahora en la lista de 59 elementos que dio a conocer la\u00a0<strong>Concacaf<\/strong>. La misma tendr\u00e1 que reducirse a un m\u00e1ximo de 26 jugadores, un m\u00ednimo de 23, para el pr\u00f3ximo 4 de junio; todas las convocatorias definitivas solo podr\u00e1n incluir a elementos previstos en las listas preliminares.\u00a0<\/p>\n\n\n\n<h2 class=\"wp-block-heading\">Ochoa, Padilla y Malag\u00f3n, los porteros convocados&nbsp;<\/h2>\n\n\n\n<p>Entre los nombres que m\u00e1s destacan se encuentran los de los arqueros. Adem\u00e1s del veterano Ochoa, est\u00e1n jugadores como&nbsp;<strong>Alex Padilla, Luis \u00c1ngel Malag\u00f3n&nbsp;<\/strong>y&nbsp;<strong>Ra\u00fal &#8216;Tala&#8217; Rangel.&nbsp;<\/strong>Tambi\u00e9n fueron incluidos&nbsp;<strong>Andr\u00e9s S\u00e1nchez<\/strong>&nbsp;de Atl\u00e9tico San Luis,&nbsp;<strong>Sebasti\u00e1n Jurado<\/strong>&nbsp;de&nbsp;<strong>FC Ju\u00e1rez<\/strong>&nbsp;y&nbsp;<strong>Antonio Rodr\u00edguez<\/strong>&nbsp;de Tijuana.&nbsp;<\/p>\n\n\n\n<p>Otra de las posiciones relevantes es la de los delanteros, por ahora con&nbsp;<strong>Henry Martin, Ra\u00fal Jim\u00e9nez&nbsp;<\/strong>y&nbsp;<strong>Santiago Gim\u00e9nez&nbsp;<\/strong>son nombres considerados. No obstante, tambi\u00e9n fueron incluidos&nbsp;<strong>Guillermo Mart\u00ednez, \u00c1ngel Sep\u00falvedad, Juli\u00e1n Qui\u00f1ones&nbsp;<\/strong>y&nbsp;<strong>Hugo Camberos.&nbsp;<\/strong>Adem\u00e1s,&nbsp;<strong>Hirving Lozano&nbsp;<\/strong>est\u00e1 de regreso.&nbsp;<\/p>\n\n\n\n<h2 class=\"wp-block-heading\">La lista preliminar de la Selecci\u00f3n Mexicana para la Copa Oro 2025<\/h2>\n\n\n\n<p><strong>PORTEROS&nbsp;<\/strong><\/p>\n\n\n\n<ul class=\"wp-block-list\">\n<li>Guillermo Ochoa<\/li>\n\n\n\n<li>Ra\u00fal Rangel<\/li>\n\n\n\n<li>Alex Padilla<\/li>\n\n\n\n<li>Andr\u00e9s S\u00e1nchez<\/li>\n\n\n\n<li>Luis \u00c1ngel Malag\u00f3n<\/li>\n\n\n\n<li>Sebasti\u00e1n Jurado<\/li>\n\n\n\n<li>Jos\u00e9 Antonio Rodr\u00edguez\u00a0<\/li>\n<\/ul>\n\n\n\n<p><strong>DEFENSAS&nbsp;<\/strong><\/p>\n\n\n\n<ul class=\"wp-block-list\">\n<li>Kevin \u00c1lvarez<\/li>\n\n\n\n<li>Jorge S\u00e1nchez<\/li>\n\n\n\n<li>C\u00e9sar Montes<\/li>\n\n\n\n<li>Johan V\u00e1squez<\/li>\n\n\n\n<li>Jes\u00fas Orozco Chiquete<\/li>\n\n\n\n<li>Jes\u00fas &#8216;Stitch&#8217; Angulo<\/li>\n\n\n\n<li>Jos\u00e9 Castillo<\/li>\n\n\n\n<li>Israel Reyes<\/li>\n\n\n\n<li>Luis Romo<\/li>\n\n\n\n<li>Mateo Ch\u00e1vez<\/li>\n\n\n\n<li>Gilberto Sep\u00falveda<\/li>\n\n\n\n<li>Eduardo \u00c1guila<\/li>\n\n\n\n<li>Ram\u00f3n Ju\u00e1rez<\/li>\n\n\n\n<li>Juli\u00e1n Araujo<\/li>\n\n\n\n<li>Jes\u00fas G\u00f3mez<\/li>\n\n\n\n<li>Isa\u00edas Violante<\/li>\n\n\n\n<li>Emilio Lara<\/li>\n\n\n\n<li>Juan S\u00e1nchez<\/li>\n\n\n\n<li>Diego Campillo<\/li>\n<\/ul>\n\n\n\n<p><strong>MEDIOCAMPISTAS&nbsp;<\/strong><\/p>\n\n\n\n<ul class=\"wp-block-list\">\n<li>Jes\u00fas Gallardo<\/li>\n\n\n\n<li>Carlos Rodr\u00edguez<\/li>\n\n\n\n<li>Edson \u00c1lvarez<\/li>\n\n\n\n<li>Luis Ch\u00e1vez<\/li>\n\n\n\n<li>Erik Lira<\/li>\n\n\n\n<li>Roberto Alvarado<\/li>\n\n\n\n<li>Diego Lainez<\/li>\n\n\n\n<li>Alexis Guti\u00e9rrez<\/li>\n\n\n\n<li>Orbel\u00edn Pineda<\/li>\n\n\n\n<li>Sebasti\u00e1n C\u00f3rdova<\/li>\n\n\n\n<li>Jorge Ruvalcaba<\/li>\n\n\n\n<li>Jeremy M\u00e1rquez<\/li>\n\n\n\n<li>Gilberto Mora<\/li>\n\n\n\n<li>Alan Cervantes<\/li>\n\n\n\n<li>Amaury Morales<\/li>\n\n\n\n<li>Salvador Reyes<\/li>\n\n\n\n<li>Jes\u00fas &#8216;Canelo&#8217; Angulo<\/li>\n\n\n\n<li>Denzell Garc\u00eda<\/li>\n<\/ul>\n\n\n\n<p><strong>DELANTEROS<\/strong><\/p>\n\n\n\n<ul class=\"wp-block-list\">\n<li>Marcel Ruiz<\/li>\n\n\n\n<li>Alexis Vega<\/li>\n\n\n\n<li>C\u00e9sar Huerta<\/li>\n\n\n\n<li>Ozziel Herrera<\/li>\n\n\n\n<li>Ra\u00fal Jim\u00e9nez<\/li>\n\n\n\n<li>Guillermo Mart\u00ednez<\/li>\n\n\n\n<li>Juli\u00e1n Qui\u00f1ones<\/li>\n\n\n\n<li>Stephano Carrillo<\/li>\n\n\n\n<li>Santiago Gim\u00e9nez<\/li>\n\n\n\n<li>\u00c1ngel Sep\u00falveda<\/li>\n\n\n\n<li>Efra\u00edn \u00c1lvarez<\/li>\n\n\n\n<li>Hirving Lozano<\/li>\n\n\n\n<li>Hugo Camberos<\/li>\n\n\n\n<li>\u00c9rick S\u00e1nchez<\/li>\n\n\n\n<li>Henry Mart\u00edn<\/li>\n<\/ul>\n<div class='share-to-whatsapp-wrapper'><div class='share-on-whsp'>Share on: <\/div><a data-text='Memo Ochoa lidera convocatoria inicial del Tri para Copa Oro 2025' data-link='https:\/\/portaltactica.com\/?p=94662' class='whatsapp-button whatsapp-share'>WhatsApp<\/a><div class='clear '><\/div><\/div>","protected":false},"excerpt":{"rendered":"<p>Con sorpresas como\u00a0Sebasti\u00e1n Jurado, Alexis Guti\u00e9rrez\u00a0o\u00a0Stephano Carrillo, la lista preliminar de la\u00a0Selecci\u00f3n Mexicana\u00a0para la Copa Oro 2025 se dio a conocer&hellip;<\/p>\n","protected":false},"author":2,"featured_media":94663,"comment_status":"closed","ping_status":"closed","sticky":false,"template":"","format":"standard","meta":{"advanced_seo_description":"","jetpack_seo_html_title":"","jetpack_seo_noindex":false,"_jetpack_memberships_contains_paid_content":false,"footnotes":"","jetpack_publicize_message":"","jetpack_publicize_feature_enabled":true,"jetpack_social_post_already_shared":true,"jetpack_social_options":{"image_generator_settings":{"template":"highway","default_image_id":0,"font":"","enabled":false},"version":2}},"categories":[1897],"tags":[],"class_list":["post-94662","post","type-post","status-publish","format-standard","has-post-thumbnail","hentry","category-destacado-nacional"],"jetpack_publicize_connections":[],"jetpack_featured_media_url":"https:\/\/portaltactica.com\/wp-content\/uploads\/2025\/05\/4-4.png","jetpack_sharing_enabled":true,"_links":{"self":[{"href":"https:\/\/portaltactica.com\/index.php?rest_route=\/wp\/v2\/posts\/94662","targetHints":{"allow":["GET"]}}],"collection":[{"href":"https:\/\/portaltactica.com\/index.php?rest_route=\/wp\/v2\/posts"}],"about":[{"href":"https:\/\/portaltactica.com\/index.php?rest_route=\/wp\/v2\/types\/post"}],"author":[{"embeddable":true,"href":"https:\/\/portaltactica.com\/index.php?rest_route=\/wp\/v2\/users\/2"}],"replies":[{"embeddable":true,"href":"https:\/\/portaltactica.com\/index.php?rest_route=%2Fwp%2Fv2%2Fcomments&post=94662"}],"version-history":[{"count":1,"href":"https:\/\/portaltactica.com\/index.php?rest_route=\/wp\/v2\/posts\/94662\/revisions"}],"predecessor-version":[{"id":94664,"href":"https:\/\/portaltactica.com\/index.php?rest_route=\/wp\/v2\/posts\/94662\/revisions\/94664"}],"wp:featuredmedia":[{"embeddable":true,"href":"https:\/\/portaltactica.com\/index.php?rest_route=\/wp\/v2\/media\/94663"}],"wp:attachment":[{"href":"https:\/\/portaltactica.com\/index.php?rest_route=%2Fwp%2Fv2%2Fmedia&parent=94662"}],"wp:term":[{"taxonomy":"category","embeddable":true,"href":"https:\/\/portaltactica.com\/index.php?rest_route=%2Fwp%2Fv2%2Fcategories&post=94662"},{"taxonomy":"post_tag","embeddable":true,"href":"https:\/\/portaltactica.com\/index.php?rest_route=%2Fwp%2Fv2%2Ftags&post=94662"}],"curies":[{"name":"wp","href":"https:\/\/api.w.org\/{rel}","templated":true}]}}